{"id":648398,"date":"2026-01-08T02:03:19","date_gmt":"2026-01-08T02:03:19","guid":{"rendered":"https:\/\/www.europesays.com\/fr\/648398\/"},"modified":"2026-01-08T02:03:19","modified_gmt":"2026-01-08T02:03:19","slug":"un-appel-a-temoins-lance-apres-la-disparition-dune-adolescente-de-15-ans-a-nancy-2","status":"publish","type":"post","link":"https:\/\/www.europesays.com\/fr\/648398\/","title":{"rendered":"Un appel \u00e0 t\u00e9moins lanc\u00e9 apr\u00e8s la disparition d&rsquo;une adolescente de 15 ans \u00e0 Nancy"},"content":{"rendered":"<p class=\"mb-4 text-lg md:leading-8 break-words\">La police a lanc\u00e9, ce mardi 6 janvier, un appel \u00e0 t\u00e9moins sur les r\u00e9seaux sociaux pour retrouver Lorie, \u00e2g\u00e9e de 15 ans, disparue depuis le 5 janvier 2026 \u00e0 Nancy.<\/p>\n<p class=\"mb-4 text-lg md:leading-8 break-words\">Elle mesure 1,70m et est de corpulence un peu forte. Elle a les yeux marron et les cheveux ch\u00e2tains fonc\u00e9s. Elle est v\u00eatue d&rsquo;un legging et une doudoune noir avec des claquettes beiges et un casque de couleur bleu\/violet. Elle porte un piercing \u00e0 la narine gauche.<\/p>\n<p class=\"mb-4 text-lg md:leading-8 break-words\">L&rsquo;adolescente est \u00ab\u00a0susceptible de se trouver sur la r\u00e9gion de Marseille\u00a0\u00bb, pr\u00e9cisent les forces de l&rsquo;ordre. Les personnes disposant d&rsquo;informations permettant de localiser l&rsquo;adolescente sont invit\u00e9es \u00e0 contacter l&rsquo;H\u00f4tel de police de Nancy au 03.83.17.27.53 ou le 03.83.17.28.26.<\/p>\n<p class=\"mb-4 text-lg md:leading-8 break-words\"><a data-i13n=\"cpos:1;pos:1\" href=\"https:\/\/www.bfmtv.com\/police-justice\/un-appel-a-temoins-lance-apres-la-disparition-d-une-adolescente-de-15-ans-a-nancy_AD-202601070559.html#xtor=AL-68\" rel=\"nofollow noopener\" target=\"_blank\" data-ylk=\"slk:Article original publi\u00e9 sur BFMTV.com;cpos:1;pos:1;elm:context_link;itc:0;sec:content-canvas\" class=\"link \">Article original publi\u00e9 sur BFMTV.com<\/a><\/p>\n","protected":false},"excerpt":{"rendered":"La police a lanc\u00e9, ce mardi 6 janvier, un appel \u00e0 t\u00e9moins sur les r\u00e9seaux sociaux pour retrouver&hellip;\n","protected":false},"author":2,"featured_media":648399,"comment_status":"","ping_status":"","sticky":false,"template":"","format":"standard","meta":{"footnotes":""},"categories":[9635],"tags":[1111,11,4260,1777,674,73108,1011,27,775,75357,3371,1702,12,25],"class_list":{"0":"post-648398","1":"post","2":"type-post","3":"status-publish","4":"format-standard","5":"has-post-thumbnail","7":"category-nancy","8":"tag-actu","9":"tag-actualites","10":"tag-appel-a-temoins","11":"tag-eu","12":"tag-europe","13":"tag-forces-de-l39ordre","14":"tag-fr","15":"tag-france","16":"tag-grand-est","17":"tag-l39adolescente","18":"tag-la-police","19":"tag-nancy","20":"tag-news","21":"tag-republique-francaise"},"share_on_mastodon":{"url":"https:\/\/pubeurope.com\/@fr\/115857024760036169","error":""},"_links":{"self":[{"href":"https:\/\/www.europesays.com\/fr\/wp-json\/wp\/v2\/posts\/648398","targetHints":{"allow":["GET"]}}],"collection":[{"href":"https:\/\/www.europesays.com\/fr\/wp-json\/wp\/v2\/posts"}],"about":[{"href":"https:\/\/www.europesays.com\/fr\/wp-json\/wp\/v2\/types\/post"}],"author":[{"embeddable":true,"href":"https:\/\/www.europesays.com\/fr\/wp-json\/wp\/v2\/users\/2"}],"replies":[{"embeddable":true,"href":"https:\/\/www.europesays.com\/fr\/wp-json\/wp\/v2\/comments?post=648398"}],"version-history":[{"count":0,"href":"https:\/\/www.europesays.com\/fr\/wp-json\/wp\/v2\/posts\/648398\/revisions"}],"wp:featuredmedia":[{"embeddable":true,"href":"https:\/\/www.europesays.com\/fr\/wp-json\/wp\/v2\/media\/648399"}],"wp:attachment":[{"href":"https:\/\/www.europesays.com\/fr\/wp-json\/wp\/v2\/media?parent=648398"}],"wp:term":[{"taxonomy":"category","embeddable":true,"href":"https:\/\/www.europesays.com\/fr\/wp-json\/wp\/v2\/categories?post=648398"},{"taxonomy":"post_tag","embeddable":true,"href":"https:\/\/www.europesays.com\/fr\/wp-json\/wp\/v2\/tags?post=648398"}],"curies":[{"name":"wp","href":"https:\/\/api.w.org\/{rel}","templated":true}]}}