{"id":648411,"date":"2026-01-08T02:13:12","date_gmt":"2026-01-08T02:13:12","guid":{"rendered":"https:\/\/www.europesays.com\/fr\/648411\/"},"modified":"2026-01-08T02:13:12","modified_gmt":"2026-01-08T02:13:12","slug":"previsions-du-jeudi-8-janvier-2026-2","status":"publish","type":"post","link":"https:\/\/www.europesays.com\/fr\/648411\/","title":{"rendered":"pr\u00e9visions du jeudi 8 janvier 2026"},"content":{"rendered":"<p>La grisaille ne se disperse toujours pas, il y aura encore des nuages aujourd&rsquo;hui. On pr\u00e9voit pour Rennes des valeurs d&rsquo;environ 10\u00b0C. Un vent de sud-ouest est attendu : il soufflera \u00e0 29 km\/h. Le soleil aura du mal \u00e0 percer au milieu des nuages qui perdureront dans la matin\u00e9e. Des pluies \u00e9parses sont pr\u00e9vues. Les temp\u00e9ratures seront de 9\u00b0C. L&rsquo;apr\u00e8s-midi sera marqu\u00e9 par de la bruine l\u00e9g\u00e8re. Il fera environ 11\u00b0C. Le soir, la m\u00e9t\u00e9o sera ponctu\u00e9e par de la pluie. Les temp\u00e9ratures afficheront entre 9\u00b0C et 11\u00b0C. Un vent de sud-ouest soufflera \u00e0 51 km\/h. Durant la nuit de jeudi \u00e0 vendredi, le ciel sera pluvieux.<\/p>\n<p>On observera la pr\u00e9sence persistante de nuages demain \u00e0 Rennes. Des pluies \u00e9parses vont tomber sur la ville. Une baisse des temp\u00e9ratures est \u00e0 pr\u00e9voir. Les valeurs seront comprises entre 5 et 8\u00b0C. Un temps voil\u00e9 avec un d\u00e9veloppement de nuages est annonc\u00e9 dans la matin\u00e9e. Les temp\u00e9ratures s&rsquo;\u00e9chelonneront de 5 \u00e0 7\u00b0C. Un vent d&rsquo;ouest soufflera \u00e0 30 km\/h. Toujours de la grisaille demain apr\u00e8s-midi. Les nuages vont s&rsquo;attarder. Les valeurs seront de 6\u00b0C au plus bas et de 8\u00b0C au plus haut. Demain soir, encore des nuages dans le ciel qui emp\u00eachent le soleil d&rsquo;appara\u00eetre. Des pluies \u00e9parses sont attendues. Les temp\u00e9ratures s&rsquo;\u00e9chelonneront entre 5 et 6\u00b0C. Un vent d&rsquo;ouest, atteignant 34 km\/h, soufflera.<\/p>\n<p>Une am\u00e9lioration est pr\u00e9vue les prochains jours. Il fera 2\u00b0C en moyenne pour des journ\u00e9es avec une m\u00e9t\u00e9o ensoleill\u00e9e.<\/p>\n<p><\/p>\n","protected":false},"excerpt":{"rendered":"La grisaille ne se disperse toujours pas, il y aura encore des nuages aujourd&rsquo;hui. On pr\u00e9voit pour Rennes&hellip;\n","protected":false},"author":2,"featured_media":648412,"comment_status":"","ping_status":"","sticky":false,"template":"","format":"standard","meta":{"footnotes":""},"categories":[2821],"tags":[1111,11,829,1777,674,1011,27,12,2119,584,25],"class_list":{"0":"post-648411","1":"post","2":"type-post","3":"status-publish","4":"format-standard","5":"has-post-thumbnail","7":"category-rennes","8":"tag-actu","9":"tag-actualites","10":"tag-bretagne","11":"tag-eu","12":"tag-europe","13":"tag-fr","14":"tag-france","15":"tag-news","16":"tag-previsions-meteo","17":"tag-rennes","18":"tag-republique-francaise"},"share_on_mastodon":{"url":"https:\/\/pubeurope.com\/@fr\/115857064481742395","error":""},"_links":{"self":[{"href":"https:\/\/www.europesays.com\/fr\/wp-json\/wp\/v2\/posts\/648411","targetHints":{"allow":["GET"]}}],"collection":[{"href":"https:\/\/www.europesays.com\/fr\/wp-json\/wp\/v2\/posts"}],"about":[{"href":"https:\/\/www.europesays.com\/fr\/wp-json\/wp\/v2\/types\/post"}],"author":[{"embeddable":true,"href":"https:\/\/www.europesays.com\/fr\/wp-json\/wp\/v2\/users\/2"}],"replies":[{"embeddable":true,"href":"https:\/\/www.europesays.com\/fr\/wp-json\/wp\/v2\/comments?post=648411"}],"version-history":[{"count":0,"href":"https:\/\/www.europesays.com\/fr\/wp-json\/wp\/v2\/posts\/648411\/revisions"}],"wp:featuredmedia":[{"embeddable":true,"href":"https:\/\/www.europesays.com\/fr\/wp-json\/wp\/v2\/media\/648412"}],"wp:attachment":[{"href":"https:\/\/www.europesays.com\/fr\/wp-json\/wp\/v2\/media?parent=648411"}],"wp:term":[{"taxonomy":"category","embeddable":true,"href":"https:\/\/www.europesays.com\/fr\/wp-json\/wp\/v2\/categories?post=648411"},{"taxonomy":"post_tag","embeddable":true,"href":"https:\/\/www.europesays.com\/fr\/wp-json\/wp\/v2\/tags?post=648411"}],"curies":[{"name":"wp","href":"https:\/\/api.w.org\/{rel}","templated":true}]}}