{"id":648413,"date":"2026-01-08T02:14:19","date_gmt":"2026-01-08T02:14:19","guid":{"rendered":"https:\/\/www.europesays.com\/fr\/648413\/"},"modified":"2026-01-08T02:14:19","modified_gmt":"2026-01-08T02:14:19","slug":"strasbourg-les-premieres-mesures-de-jeanne-barseghian-pour-un-second-mandat","status":"publish","type":"post","link":"https:\/\/www.europesays.com\/fr\/648413\/","title":{"rendered":"Strasbourg. Les premi\u00e8res mesures de Jeanne Barseghian pour un second mandat"},"content":{"rendered":"<p class=\"wp-block-post-excerpt__excerpt\">La maire sortante de Strasbourg, Jeanne Barseghian, a pr\u00e9sent\u00e9 mercredi 7 janvier une douzaine de mesures qu\u2019elle se propose de mettre en \u0153uvre lors d\u2019un second mandat. Certaines s\u2019inscrivent dans la continuit\u00e9 de l\u2019action municipale des \u00c9cologistes, d\u2019autres sont issues des ateliers citoyens et des formations politiques. <\/p>\n<p class=\"font-sans\">\n\t\t\tCet article est en acc\u00e8s libre. Pour soutenir Rue89 Strasbourg,<br \/>\n\t\t\t<a class=\"underline\" href=\"https:\/\/www.rue89strasbourg.com\/abonnement\" target=\"_blank\" rel=\"noopener\">abonnez-vous<\/a>.\n\t\t<\/p>\n<p>Pierre France<\/p>\n<p>Publi\u00e9 le 7 janvier 2026\u00a0\u00a0\u00b7\u00a0\u00a0<\/p>\n<p>Imprim\u00e9 le 8 janvier 2026 \u00e0 02h12\u00a0\u00a0\u00b7\u00a0\u00a0<\/p>\n<p>Modifi\u00e9 le 7 janvier 2026\u00a0\u00a0\u00b7\u00a0\u00a0<\/p>\n<p>\t\t\t\t\t4\u00a0minutes\n<\/p>\n<p class=\"has-drop-cap\">Il est toujours \u00e9tonnant de constater \u00e0 quel point les plateformes participatives de cr\u00e9ation des programmes proposent des mesures pile dans les projets des candidats. Ainsi, apr\u00e8s le travail de quatre \u00ab\u00a0agoras citoyennes\u00a0\u00bb fr\u00e9quent\u00e9es par 250 personnes, Jeanne Barseghian, la maire sortante de Strasbourg (Les \u00c9cologistes) et candidate \u00e0 sa r\u00e9\u00e9lection, propose de cr\u00e9er une \u00ab\u00a0plaine festive\u00a0\u00bb \u00e0 la Meinau, pour accueillir de grands \u00e9v\u00e9nements culturels ou sportifs.<\/p>\n<p>Cette annonce a \u00e9t\u00e9 faite lors d\u2019une pr\u00e9sentation de douze premi\u00e8res mesures en cas de victoire \u00e9lectorale \u00e9cologiste, mercredi 7 janvier au local de campagne de Jeanne Barseghian dans le quartier Gare. Mais ce projet de \u00ab\u00a0plaine festive\u00a0\u00bb, \u00e0 la place des ateliers de la collectivit\u00e9 plaine des Bouchers, est d\u00e9j\u00e0 mis en \u0153uvre depuis plusieurs mois. Le site doit notamment accueillir en 2027 la Foire Saint-Jean, devenue itin\u00e9rante depuis l\u2019urbanisation du quartier Archipel.<\/p>\n<p>Douze premi\u00e8res mesures de Jeanne Barseghian<\/p>\n<p>La liste des mesures, telles que pr\u00e9sent\u00e9es par l\u2019\u00e9quipe de campagne de la liste \u00e9cologiste et citoyenne.<\/p>\n<ul class=\"wp-block-list\">\n<li><strong>Encadrer les loyers pour mieux se loger et faire vivre les commerces<\/strong>. Garantir des loyers abordables pour les logements et les commerces afin de pr\u00e9server leur diversit\u00e9.<\/li>\n<li><strong>Garantir le droit aux vacances pour toutes et tous.<\/strong> Permettre de partir en vacances, pour la sant\u00e9, le lien social et l\u2019\u00e9galit\u00e9 des chances.<\/li>\n<li><strong>Des bus 24h\/24h, tous les jours<\/strong>. Un r\u00e9seau de bus de nuit toute la semaine, pour travailler, sortir et pouvoir rentrer chez soi \u00e0 toute heure.<\/li>\n<li><strong>Cr\u00e9er une grande plaine festive \u00e0 la Meinau<\/strong>. Un lieu d\u00e9di\u00e9 pour accueillir festivals, foires et grands \u00e9v\u00e9nements.<\/li>\n<li><strong>Ouvrir des cantines de quartier<\/strong>. Des repas \u00e0 petit prix dans des lieux de proximit\u00e9 pour permettre l\u2019acc\u00e8s \u00e0 une alimentation abordable et de qualit\u00e9 et favoriser les rencontres.<\/li>\n<li><strong>D\u00e9velopper le stationnement v\u00e9lo s\u00e9curis\u00e9<\/strong>. Des parkings v\u00e9los s\u00fbrs dans tous les quartiers et pr\u00e8s des grands p\u00f4les, pour lutter contre le vol et encourager les mobilit\u00e9s actives.<\/li>\n<li><strong>Cr\u00e9er une m\u00e9diath\u00e8que au Port-du-Rhin avec une dimension franco-allemande<\/strong>. Un nouvel \u00e9quipement culturel, transfrontalier, pour renforcer l\u2019acc\u00e8s \u00e0 la lecture et la d\u00e9mocratie culturelle.<\/li>\n<li><strong>Mettre en place un conseil des a\u00een\u00e9\u00b7es<\/strong>. Associer les personnes \u00e2g\u00e9es aux d\u00e9cisions qui les concernent, penser la ville face au vieillissement de la population et s\u2019assurer qu\u2019elles ne soient pas oubli\u00e9es des d\u00e9cisions.<\/li>\n<li><strong>\u00c9largir la tarification progressive pour le stationnement r\u00e9sident.<\/strong> Un abonnement \u00e0 partir de 5\u20ac par mois pour les m\u00e9nages modestes (au lieu de 15\u20ac minimum).<\/li>\n<li><strong>Un dispensaire municipal pour les animaux.<\/strong> Des soins v\u00e9t\u00e9rinaires accessibles quels que soient les revenus, pour lutter contre l\u2019abandon et les mauvais traitements.<\/li>\n<li><strong>Du sport encadr\u00e9 en acc\u00e8s libre dans les parcs.<\/strong> Des activit\u00e9s sportives accessibles en plein air, pour la sant\u00e9, le bien-\u00eatre et le lien social, encadr\u00e9es par des coachs sportifs financ\u00e9s par la Ville.<\/li>\n<li><strong>Acc\u00e9l\u00e9rer la v\u00e9g\u00e9talisation de la ville. <\/strong>De nouveaux parcs, des rues plus vertes et plus fra\u00eeches, pour adapter Strasbourg au changement climatique.<\/li>\n<\/ul>\n<p>Avec des propositions comme la plaine festive, la v\u00e9g\u00e9talisation, des parkings v\u00e9los ou un tarif plus bas pour le stationnement en voirie, Jeanne Barseghian s\u2019inscrit dans la continuit\u00e9 de la politique qu\u2019elle m\u00e8ne depuis 2020. \u00ab\u00a0L\u2019ambition n\u2019a pas chang\u00e9\u00a0\u00bb, a confirm\u00e9 la maire sortante\u00a0:<\/p>\n<blockquote class=\"wp-block-quote is-layout-flow wp-block-quote-is-layout-flow\">\n<p>\u00ab\u00a0Quand on parle d\u2019une ville \u00ab\u00a0juste et vivante\u00a0\u00bb, c\u2019est une ville abordable qui prend en compte le respect des enjeux climatiques et de la biodiversit\u00e9. Mais c\u2019est aussi une ville dynamique, ouverte sur le monde et riche de sa diversit\u00e9.\u00a0\u00bb<\/p>\n<\/blockquote>\n<p>L\u2019occasion pour Syamak Agha Babaei, premier adjoint aux finances, de rappeler que si <a href=\"https:\/\/www.rue89strasbourg.com\/bilan-finances-strasbourg-jeanne-barseghian-368478\" target=\"_blank\" rel=\"noreferrer noopener\">l\u2019encourt de la dette de la Ville s\u2019\u00e9tait particuli\u00e8rement alourdi lors du premier mandat<\/a>, c\u2019\u00e9tait pour \u00ab\u00a0rattraper un retard d\u2019investissement\u00a0\u00bb\u00a0:<\/p>\n<blockquote class=\"wp-block-quote is-layout-flow wp-block-quote-is-layout-flow\">\n<p>\u00ab\u00a0Nous nous \u00e9tions engag\u00e9s en 2020 \u00e0 contracter un \u00ab\u00a0grand emprunt de la transition \u00e9cologique et sociale\u00a0\u00bb afin d\u2019am\u00e9liorer les \u00e9quipements et les services publics. Et c\u2019est ce que nous avons fait. Par exemple, nous avons pu r\u00e9nover les b\u00e2timents publics, ce qui apporte trois millions euros d\u2019\u00e9conomies d\u2019\u00e9nergie chaque ann\u00e9e. Nous ma\u00eetrisons l\u2019encourt de la dette.\u00a0\u00bb<\/p>\n<\/blockquote>\n<p>Quant \u00e0 l\u2019encadrement des loyers, la mesure n\u2019a pas pu \u00eatre mise en \u0153uvre \u00e0 Strasbourg malgr\u00e9 une <a href=\"https:\/\/www.strasbourg.eu\/-\/encadrement-loyers-justice-sociale\" target=\"_blank\" rel=\"noreferrer noopener\">d\u00e9lib\u00e9ration en ce sens de 2022<\/a>.  Elle devait disposer d\u2019un observatoire des loyers, <a href=\"https:\/\/www.adeus.org\/les-dossiers-de-ladeus\/observatoires-adeus\/observatoire-local-des-loyers-du-bas-rhin\/les-niveaux-de-loyers-sur-leurometropole-de-strasbourg\/\" target=\"_blank\" rel=\"noreferrer noopener\">qui a \u00e9t\u00e9 mis en place<\/a> mais trop tard pour profiter de l\u2019exp\u00e9rimentation, qui doit se terminer en novembre 2026. Jeanne Barseghian assure que les parlementaires \u00e9cologistes d\u00e9poseront une proposition de loi en f\u00e9vrier pour que ce dispositif soit p\u00e9rennis\u00e9 et \u00e9tendu aux loyers des baux commerciaux. <\/p>\n<p>Parmi les mesures nouvelles, on peut noter le soutien aux cantines de quartier, m\u00eame s\u2019il arrive un peu tard puisque de telles initiatives ont disparu apr\u00e8s plusieurs ann\u00e9es d\u2019existence, comme Table et Culture \u00e0 Hautepierre et <a href=\"https:\/\/c.dna.fr\/edition-de-strasbourg\/2016\/06\/02\/mosaique-chronique-d-une-mort-previsible\" target=\"_blank\" rel=\"noreferrer noopener\">Mosa\u00efque au Neuhof<\/a>. Citons \u00e9galement la proposition de soutenir financi\u00e8rement les familles les plus modestes pour qu\u2019elles puissent partir en vacances, une mesure qui s\u2019est impos\u00e9e dans le programme de Jeanne Barseghian via le jeune parti Debout\u00a0!, cr\u00e9\u00e9 par Fran\u00e7ois Ruffin. \u00ab\u00a0Plus de <a href=\"https:\/\/www.inegalites.fr\/depart-vacances\" target=\"_blank\" rel=\"noreferrer noopener\">40% des Fran\u00e7ais ne partent pas en vacances<\/a>, a pr\u00e9cis\u00e9 Camille Min Fournier, le candidat et r\u00e9f\u00e9rent de Debout\u00a0! dans le Bas-Rhin. Nous nous appuierons sur les structures d\u2019\u00e9ducation populaire pour que les enfants de Strasbourg puissent conna\u00eetre cette \u201cvie large\u201d selon le mot de Jean Jaur\u00e8s.\u00a0\u00bb <\/p>\n","protected":false},"excerpt":{"rendered":"La maire sortante de Strasbourg, Jeanne Barseghian, a pr\u00e9sent\u00e9 mercredi 7 janvier une douzaine de mesures qu\u2019elle se&hellip;\n","protected":false},"author":2,"featured_media":648414,"comment_status":"","ping_status":"","sticky":false,"template":"","format":"standard","meta":{"footnotes":""},"categories":[2820],"tags":[1111,11,2761,1777,674,1011,27,775,7125,12,316,25,640],"class_list":{"0":"post-648413","1":"post","2":"type-post","3":"status-publish","4":"format-standard","5":"has-post-thumbnail","7":"category-strasbourg","8":"tag-actu","9":"tag-actualites","10":"tag-elections-municipales-2026","11":"tag-eu","12":"tag-europe","13":"tag-fr","14":"tag-france","15":"tag-grand-est","16":"tag-jeanne-barseghian","17":"tag-news","18":"tag-politique","19":"tag-republique-francaise","20":"tag-strasbourg"},"share_on_mastodon":{"url":"https:\/\/pubeurope.com\/@fr\/115857068058029126","error":""},"_links":{"self":[{"href":"https:\/\/www.europesays.com\/fr\/wp-json\/wp\/v2\/posts\/648413","targetHints":{"allow":["GET"]}}],"collection":[{"href":"https:\/\/www.europesays.com\/fr\/wp-json\/wp\/v2\/posts"}],"about":[{"href":"https:\/\/www.europesays.com\/fr\/wp-json\/wp\/v2\/types\/post"}],"author":[{"embeddable":true,"href":"https:\/\/www.europesays.com\/fr\/wp-json\/wp\/v2\/users\/2"}],"replies":[{"embeddable":true,"href":"https:\/\/www.europesays.com\/fr\/wp-json\/wp\/v2\/comments?post=648413"}],"version-history":[{"count":0,"href":"https:\/\/www.europesays.com\/fr\/wp-json\/wp\/v2\/posts\/648413\/revisions"}],"wp:featuredmedia":[{"embeddable":true,"href":"https:\/\/www.europesays.com\/fr\/wp-json\/wp\/v2\/media\/648414"}],"wp:attachment":[{"href":"https:\/\/www.europesays.com\/fr\/wp-json\/wp\/v2\/media?parent=648413"}],"wp:term":[{"taxonomy":"category","embeddable":true,"href":"https:\/\/www.europesays.com\/fr\/wp-json\/wp\/v2\/categories?post=648413"},{"taxonomy":"post_tag","embeddable":true,"href":"https:\/\/www.europesays.com\/fr\/wp-json\/wp\/v2\/tags?post=648413"}],"curies":[{"name":"wp","href":"https:\/\/api.w.org\/{rel}","templated":true}]}}