{"id":648433,"date":"2026-01-08T02:26:15","date_gmt":"2026-01-08T02:26:15","guid":{"rendered":"https:\/\/www.europesays.com\/fr\/648433\/"},"modified":"2026-01-08T02:26:15","modified_gmt":"2026-01-08T02:26:15","slug":"les-voeux-du-maire-de-marseille-reportes-dune-semaine","status":"publish","type":"post","link":"https:\/\/www.europesays.com\/fr\/648433\/","title":{"rendered":"Les v\u0153ux du maire de Marseille report\u00e9s d&rsquo;une semaine"},"content":{"rendered":"<p>Pr\u00e9vus ce samedi \u00e0 l\u2019h\u00f4tel de ville, les v\u0153ux du maire (DVG) de Marseille, Beno\u00eet Payan, sont finalement report\u00e9s au samedi 17\u00a0janvier, \u00e0 14\u00a0h, en raison des <a href=\"https:\/\/www.laprovence.com\/article\/societe\/11618368509719\/meteo-debut-de-semaine-glacial-et-sous-le-signe-du-grand-froid-en-provence-un-ciel-plutot-degage\" target=\"_blank\" rel=\"noopener\">conditions m\u00e9t\u00e9orologiques<\/a>. Des temp\u00e9ratures n\u00e9gatives et du vent sont en effet attendus autour du Lacydon ce samedi, rendant compliqu\u00e9e l\u2019organisation de cet \u00e9v\u00e9nement gratuit, pr\u00e9sent\u00e9 par la Ville comme \u00ab\u00a0festif et familial\u00a0\u00bb.<\/p>\n<p>Activit\u00e9s sportives, guinguette et g\u00e2teau des rois<\/p>\n<p>En plus des derniers v\u0153ux du mandat prononc\u00e9s par Beno\u00eet Payan, des \u00ab\u00a0jeux et animations pour petits et grands\u00a0\u00bb, des activit\u00e9s sportives, une guinguette du Nouvel an et le partage d\u2019un g\u00e2teau des rois sont \u00e9galement au programme autour de l\u2019h\u00f4tel de ville. Sur un Vieux-Port pi\u00e9tonnis\u00e9 pour l\u2019occasion, une <a href=\"https:\/\/www.laprovence.com\/article\/region\/1150628128601314\/marseille-oh-fatche-motchus-fait-son-laive-au-chateau-de-la-buzine\" target=\"_blank\" rel=\"noopener\">grande partie de Motchus<\/a>, c\u00e9l\u00e8bre jeu de mots autour du parler marseillais et proven\u00e7al, est \u00e9galement pr\u00e9vu. Le tout est donc report\u00e9 \u00e0 dissate que ven.<\/p>\n","protected":false},"excerpt":{"rendered":"Pr\u00e9vus ce samedi \u00e0 l\u2019h\u00f4tel de ville, les v\u0153ux du maire (DVG) de Marseille, Beno\u00eet Payan, sont finalement&hellip;\n","protected":false},"author":2,"featured_media":648434,"comment_status":"","ping_status":"","sticky":false,"template":"","format":"standard","meta":{"footnotes":""},"categories":[2814],"tags":[5734,1111,11,4440,1777,674,1011,27,151,5107,884,12,882,16,75358,25,5572,74173],"class_list":{"0":"post-648433","1":"post","2":"type-post","3":"status-publish","4":"format-standard","5":"has-post-thumbnail","7":"category-marseille","8":"tag-5734","9":"tag-actu","10":"tag-actualites","11":"tag-dune","12":"tag-eu","13":"tag-europe","14":"tag-fr","15":"tag-france","16":"tag-les","17":"tag-maire","18":"tag-marseille","19":"tag-news","20":"tag-provence-alpes-cote-dazur","21":"tag-region","22":"tag-reportes","23":"tag-republique-francaise","24":"tag-semaine","25":"tag-voeux"},"share_on_mastodon":{"url":"https:\/\/pubeurope.com\/@fr\/115857115216160496","error":""},"_links":{"self":[{"href":"https:\/\/www.europesays.com\/fr\/wp-json\/wp\/v2\/posts\/648433","targetHints":{"allow":["GET"]}}],"collection":[{"href":"https:\/\/www.europesays.com\/fr\/wp-json\/wp\/v2\/posts"}],"about":[{"href":"https:\/\/www.europesays.com\/fr\/wp-json\/wp\/v2\/types\/post"}],"author":[{"embeddable":true,"href":"https:\/\/www.europesays.com\/fr\/wp-json\/wp\/v2\/users\/2"}],"replies":[{"embeddable":true,"href":"https:\/\/www.europesays.com\/fr\/wp-json\/wp\/v2\/comments?post=648433"}],"version-history":[{"count":0,"href":"https:\/\/www.europesays.com\/fr\/wp-json\/wp\/v2\/posts\/648433\/revisions"}],"wp:featuredmedia":[{"embeddable":true,"href":"https:\/\/www.europesays.com\/fr\/wp-json\/wp\/v2\/media\/648434"}],"wp:attachment":[{"href":"https:\/\/www.europesays.com\/fr\/wp-json\/wp\/v2\/media?parent=648433"}],"wp:term":[{"taxonomy":"category","embeddable":true,"href":"https:\/\/www.europesays.com\/fr\/wp-json\/wp\/v2\/categories?post=648433"},{"taxonomy":"post_tag","embeddable":true,"href":"https:\/\/www.europesays.com\/fr\/wp-json\/wp\/v2\/tags?post=648433"}],"curies":[{"name":"wp","href":"https:\/\/api.w.org\/{rel}","templated":true}]}}