{"id":648436,"date":"2026-01-08T02:28:16","date_gmt":"2026-01-08T02:28:16","guid":{"rendered":"https:\/\/www.europesays.com\/fr\/648436\/"},"modified":"2026-01-08T02:28:16","modified_gmt":"2026-01-08T02:28:16","slug":"pres-de-lyon-accident-de-camion-et-gros-bouchons-sur-la42","status":"publish","type":"post","link":"https:\/\/www.europesays.com\/fr\/648436\/","title":{"rendered":"Pr\u00e8s de Lyon : accident de camion et gros bouchons sur l&rsquo;A42"},"content":{"rendered":"<p>Un accident de poids lourd s&rsquo;est produit en fin d&rsquo;apr\u00e8s-midi au niveau du n\u0153ud des \u00eeles, sur l&rsquo;A46, pr\u00e8s de Lyon. La circulation est donc fortement perturb\u00e9e dans la zone.<\/p>\n<p>D&rsquo;importants bouchons au nord-est de Lyon. Sur l&rsquo;A42 et sur la rocade est lyonnaise, il est tr\u00e8s compliqu\u00e9 de circuler en ce d\u00e9but de soir\u00e9e du mercredi 7 janvier.<\/p>\n<p>Des bouchons au n\u0153ud des \u00eeles<\/p>\n<p>Un accident de camion s&rsquo;est produit dans <b>le secteur du n\u0153ud des \u00eeles<\/b> un peu avant 17h, sur l&rsquo;autoroute A46.<\/p>\n<p>Le poids lourd occupe les trois voies et un tracteur sera n\u00e9cessaire pour \u00e9vacuer le v\u00e9hicule. La circulation se fait sur une seule voie.<\/p>\n<p>Les pompiers sur place<\/p>\n<p><b>Une victime est \u00e0 d\u00e9plorer, il s&rsquo;agit du chauffeur du camion<\/b>. Son \u00e9tat de sant\u00e9 n&rsquo;est pas encore connu. Une dizaine de pompiers sont actuellement sur place.<\/p>\n<p>Il est demand\u00e9 aux automobilistes de ne pas g\u00eaner l&rsquo;intervention des secours et d&rsquo;\u00e9viter la zone de l&rsquo;accident.<\/p>\n<p>Patience et prudence si vous circulez sur l&rsquo;<b>A42<\/b> en direction de Bourg-en-Bresse et de Gen\u00e8ve, ainsi que sur <b>la rocade est<\/b> en direction de Paris.<\/p>\n<p><img loading=\"lazy\" decoding=\"async\" src=\"https:\/\/www.europesays.com\/fr\/wp-content\/uploads\/2026\/01\/1767839296_839_img.png\" width=\"350\" height=\"200\" border=\"0\" title=\"De la neige \u00c3\u00a0 Tassin, pr\u00c3\u00a8s de Lyon\"\/><\/p>\n<p>\u25baM\u00e9t\u00e9o<\/p>\n<p style=\"font-size: 22px;\"><b>Chutes de neige \u00e0 Lyon : les images des premiers flocons ce mercredi<\/b><\/p>\n<p>Les premi\u00e8res chutes de neige ont \u00e9t\u00e9 aper\u00e7ues&#8230;<\/p>\n<p><\/p>\n","protected":false},"excerpt":{"rendered":"Un accident de poids lourd s&rsquo;est produit en fin d&rsquo;apr\u00e8s-midi au niveau du n\u0153ud des \u00eeles, sur l&rsquo;A46,&hellip;\n","protected":false},"author":2,"featured_media":648437,"comment_status":"","ping_status":"","sticky":false,"template":"","format":"standard","meta":{"footnotes":""},"categories":[1889],"tags":[75359,119,1111,11,2430,1777,674,1011,27,2428,12,25],"class_list":{"0":"post-648436","1":"post","2":"type-post","3":"status-publish","4":"format-standard","5":"has-post-thumbnail","7":"category-lyon","8":"tag-a42","9":"tag-accident","10":"tag-actu","11":"tag-actualites","12":"tag-auvergne-rhone-alpes","13":"tag-eu","14":"tag-europe","15":"tag-fr","16":"tag-france","17":"tag-lyon","18":"tag-news","19":"tag-republique-francaise"},"share_on_mastodon":{"url":"https:\/\/pubeurope.com\/@fr\/115857123247380284","error":""},"_links":{"self":[{"href":"https:\/\/www.europesays.com\/fr\/wp-json\/wp\/v2\/posts\/648436","targetHints":{"allow":["GET"]}}],"collection":[{"href":"https:\/\/www.europesays.com\/fr\/wp-json\/wp\/v2\/posts"}],"about":[{"href":"https:\/\/www.europesays.com\/fr\/wp-json\/wp\/v2\/types\/post"}],"author":[{"embeddable":true,"href":"https:\/\/www.europesays.com\/fr\/wp-json\/wp\/v2\/users\/2"}],"replies":[{"embeddable":true,"href":"https:\/\/www.europesays.com\/fr\/wp-json\/wp\/v2\/comments?post=648436"}],"version-history":[{"count":0,"href":"https:\/\/www.europesays.com\/fr\/wp-json\/wp\/v2\/posts\/648436\/revisions"}],"wp:featuredmedia":[{"embeddable":true,"href":"https:\/\/www.europesays.com\/fr\/wp-json\/wp\/v2\/media\/648437"}],"wp:attachment":[{"href":"https:\/\/www.europesays.com\/fr\/wp-json\/wp\/v2\/media?parent=648436"}],"wp:term":[{"taxonomy":"category","embeddable":true,"href":"https:\/\/www.europesays.com\/fr\/wp-json\/wp\/v2\/categories?post=648436"},{"taxonomy":"post_tag","embeddable":true,"href":"https:\/\/www.europesays.com\/fr\/wp-json\/wp\/v2\/tags?post=648436"}],"curies":[{"name":"wp","href":"https:\/\/api.w.org\/{rel}","templated":true}]}}