{"id":648438,"date":"2026-01-08T02:29:11","date_gmt":"2026-01-08T02:29:11","guid":{"rendered":"https:\/\/www.europesays.com\/fr\/648438\/"},"modified":"2026-01-08T02:29:11","modified_gmt":"2026-01-08T02:29:11","slug":"lyon-5-des-amenagements-et-de-travaux-dans-le-quartier-soeur-janin","status":"publish","type":"post","link":"https:\/\/www.europesays.com\/fr\/648438\/","title":{"rendered":"Lyon 5: des am\u00e9nagements et de travaux dans le quartier S\u0153ur Janin"},"content":{"rendered":"<p><strong>La Ville a communiqu\u00e9 sur le quartier S\u0153ur Janin, dans le 5\u1d49 arrondissement, apr\u00e8s le vote d\u2019une d\u00e9lib\u00e9ration actant le lancement des travaux de r\u00e9novation \u00e9nerg\u00e9tique de l\u2019\u00e9cole maternelle Fran\u00e7ois Truffaut.<\/strong><\/p>\n<p>La Ville de Lyon a communiqu\u00e9 sur le quartier S\u0153ur Janin, dans le 5\u1d49 arrondissement de Lyon. La collectivit\u00e9 a soulign\u00e9 son engagement en faveur de l\u2019am\u00e9lioration du cadre et des conditions de vie des habitantes et habitants, via une s\u00e9rie d\u2019am\u00e9nagements et de travaux structurants men\u00e9s depuis 2020. Ceux-ci ont \u00e9t\u00e9 r\u00e9alis\u00e9s, indique la Ville, \u00aben lien \u00e9troit avec les acteurs locaux et les habitants\u00bb.<\/p>\n<p>Aussi, le quartier conna\u00eet une transformation progressive, \u00e0 l\u2019image de la r\u00e9novation prochaine de l\u2019\u00e9cole Fran\u00e7ois Truffaut vot\u00e9e lors du dernier conseil municipal de d\u00e9cembre. Une d\u00e9lib\u00e9ration a en effet \u00e9t\u00e9 vot\u00e9e actant le lancement des travaux de r\u00e9novation \u00e9nerg\u00e9tique de l\u2019\u00e9cole maternelle situ\u00e9e rue S\u0153ur Janin. Ceci intervient apr\u00e8s l\u2019installation cet \u00e9t\u00e9 de 219 panneaux photovolta\u00efques sur le toit de l\u2019\u00e9cole maternelle Fran\u00e7ois Truffaut, dont le b\u00e2timent &#8211; qui a \u00e9t\u00e9 construit dans les ann\u00e9es 1950 &#8211; pr\u00e9sente aujourd\u2019hui des performances thermiques insuffisantes.<\/p>\n<p>\u00abLes travaux programm\u00e9s visent notamment le remplacement des menuiseries ext\u00e9rieures, l\u2019isolation thermique par l\u2019ext\u00e9rieur et des planchers, la mise en place de protections solaires, l\u2019am\u00e9lioration de la ventilation et de l\u2019\u00e9clairage, une meilleure accessibilit\u00e9 pour les personnes \u00e0 mobilit\u00e9 r\u00e9duite\u00bb, note la Ville de Lyon.<\/p>\n<p>Cette op\u00e9ration, d\u2019un montant global estim\u00e9 \u00e0 2,27 millions d\u2019euros, permettra d\u2019am\u00e9liorer durablement le confort des enfants et des \u00e9quipes \u00e9ducatives, tout en r\u00e9duisant les consommations \u00e9nerg\u00e9tiques et l\u2019empreinte environnementale du b\u00e2timent, explique la collectivit\u00e9.<\/p>\n<p>Des travaux s\u2019inscrivant dans le projet de territoire S\u0153ur Janin 2024-2030<\/p>\n<p>La Ville souligne que ces travaux s\u2019inscrivent dans une vision plus globale d\u00e9taill\u00e9e dans le projet de territoire \u00abS\u0153ur Janin 2024-2030\u00bb. L\u2019objectif fix\u00e9 dans ce document cadre est de renforcer l\u2019identit\u00e9 du quartier, de d\u00e9velopper les espaces de nature en ville et d\u2019am\u00e9liorer durablement la qualit\u00e9 de vie des habitantes et des habitants.<\/p>\n<p>D\u00e8s 2023, le quartier a b\u00e9n\u00e9fici\u00e9 d\u2019importants am\u00e9nagements paysagers avec la cr\u00e9ation d\u2019une liaison verte Locard\u2013Janin, qui relie les rues Edmond Locard et S\u0153ur Janin, et la cr\u00e9ation d\u2019un plateau traversant sur la rue S\u0153ur Janin, \u00e0 l\u2019intersection avec la venelle pi\u00e9tonne en 2024. \u00abCes projets ont permis de d\u00e9localiser l\u2019entr\u00e9e principale de l\u2019\u00e9cole maternelle Fran\u00e7ois Truffaut sur la voie pi\u00e9tonne, offrant ainsi un acc\u00e8s s\u00e9curis\u00e9 \u00e0 l\u2019\u00e9tablissement et \u00e0 l\u2019aire de jeux\u00bb, se f\u00e9licite la Ville.<\/p>\n<p>La collectivit\u00e9 note que la nouvelle voie pi\u00e9tonne accueille maintenant 8 nouveaux arbres plant\u00e9s dans 200 m\u00b2 d\u2019espaces verts, des assises en bois et des mats d\u2019\u00e9clairage d\u00e9coratif.<\/p>\n<blockquote class=\"wp-block-quote is-layout-flow wp-block-quote-is-layout-flow\">\n<p>\u00abLes enfants de l\u2019\u00e9cole ont activement contribu\u00e9 au projet avec leur participation \u00e0 la plantation des v\u00e9g\u00e9taux,ainsi qu\u2019\u00e0 la d\u00e9coration des lanternes d\u2019\u00e9clairage.La v\u00e9g\u00e9talisation du quartier sera d\u2019ailleurs encore renforc\u00e9e par la cr\u00e9ation d\u2019un verger fin janvier 2026 \u00e0 proximit\u00e9 de l\u2019\u00e9cole, c\u00f4t\u00e9 rue Edmond Locard. La Ville de Lyon souhaite que cet espace nourricier et p\u00e9dagogique constitue un nouveau lieu de rencontre et de partage pour les habitants du quartier.\u00a0\u00bb<\/p>\n<p>Ville de Lyon<\/p><\/blockquote>\n<p>Lors du conseil municipal du 22 janvier prochain, il sera propos\u00e9 de baptiser ce nouveau verger du nom de Th\u00e9r\u00e8se Brun (1936 &#8211; 2023), une figure du quartier S\u0153ur Janin, pleinement engag\u00e9e dans la vie locale et associative.<\/p>\n<p>                  <img loading=\"lazy\" decoding=\"async\" alt=\"\" src=\"https:\/\/www.europesays.com\/fr\/wp-content\/uploads\/2026\/01\/1767839351_310_aa80fbcec76b8e31baa828b9e8df762388c5950be21994636af3fb2f598021ac.jpeg\"  class=\"avatar avatar-96 photo\" height=\"96\" width=\"96\"\/>              <\/p>\n<p>\t\tNavigation d\u2019article<\/p>\n","protected":false},"excerpt":{"rendered":"La Ville a communiqu\u00e9 sur le quartier S\u0153ur Janin, dans le 5\u1d49 arrondissement, apr\u00e8s le vote d\u2019une d\u00e9lib\u00e9ration&hellip;\n","protected":false},"author":2,"featured_media":639746,"comment_status":"","ping_status":"","sticky":false,"template":"","format":"standard","meta":{"footnotes":""},"categories":[1889],"tags":[1111,11,2430,1777,674,1011,27,2428,12,25,1352],"class_list":{"0":"post-648438","1":"post","2":"type-post","3":"status-publish","4":"format-standard","5":"has-post-thumbnail","7":"category-lyon","8":"tag-actu","9":"tag-actualites","10":"tag-auvergne-rhone-alpes","11":"tag-eu","12":"tag-europe","13":"tag-fr","14":"tag-france","15":"tag-lyon","16":"tag-news","17":"tag-republique-francaise","18":"tag-urbanisme"},"share_on_mastodon":{"url":"https:\/\/pubeurope.com\/@fr\/115857127049251969","error":""},"_links":{"self":[{"href":"https:\/\/www.europesays.com\/fr\/wp-json\/wp\/v2\/posts\/648438","targetHints":{"allow":["GET"]}}],"collection":[{"href":"https:\/\/www.europesays.com\/fr\/wp-json\/wp\/v2\/posts"}],"about":[{"href":"https:\/\/www.europesays.com\/fr\/wp-json\/wp\/v2\/types\/post"}],"author":[{"embeddable":true,"href":"https:\/\/www.europesays.com\/fr\/wp-json\/wp\/v2\/users\/2"}],"replies":[{"embeddable":true,"href":"https:\/\/www.europesays.com\/fr\/wp-json\/wp\/v2\/comments?post=648438"}],"version-history":[{"count":0,"href":"https:\/\/www.europesays.com\/fr\/wp-json\/wp\/v2\/posts\/648438\/revisions"}],"wp:featuredmedia":[{"embeddable":true,"href":"https:\/\/www.europesays.com\/fr\/wp-json\/wp\/v2\/media\/639746"}],"wp:attachment":[{"href":"https:\/\/www.europesays.com\/fr\/wp-json\/wp\/v2\/media?parent=648438"}],"wp:term":[{"taxonomy":"category","embeddable":true,"href":"https:\/\/www.europesays.com\/fr\/wp-json\/wp\/v2\/categories?post=648438"},{"taxonomy":"post_tag","embeddable":true,"href":"https:\/\/www.europesays.com\/fr\/wp-json\/wp\/v2\/tags?post=648438"}],"curies":[{"name":"wp","href":"https:\/\/api.w.org\/{rel}","templated":true}]}}