{"id":648439,"date":"2026-01-08T02:31:20","date_gmt":"2026-01-08T02:31:20","guid":{"rendered":"https:\/\/www.europesays.com\/fr\/648439\/"},"modified":"2026-01-08T02:31:20","modified_gmt":"2026-01-08T02:31:20","slug":"quelles-routes-sont-perturbees-ce-midi-en-ile-de-france-et-ailleurs","status":"publish","type":"post","link":"https:\/\/www.europesays.com\/fr\/648439\/","title":{"rendered":"quelles routes sont perturb\u00e9es ce midi en \u00cele-de-France et ailleurs ?"},"content":{"rendered":"<p itemprop=\"description\">32 d\u00e9partements sont en vigilance neige-verglas, dont l\u2019\u00cele-de-France o\u00f9 la circulation reste difficile. Des restrictions touchent les autoroutes A10, A11, A81 et A71 avec zones de stationnement pour poids lourds, qui pourraient \u00eatre lev\u00e9es progressivement cet apr\u00e8s-midi. L\u2019A83 commence \u00e0 rouvrir apr\u00e8s plusieurs heures de blocage. La perturbation se d\u00e9cale vers l\u2019Auvergne, avec des chutes de neige attendues sur l\u2019A89 autour de Clermont-Ferrand.<\/p>\n<p>        Nouvelle vigilance\u202f: 32 d\u00e9partements concern\u00e9s<br \/>&#13;<br \/>\nCe mercredi 7 janvier, la France subit un \u00e9pisode hivernal marqu\u00e9 par la neige et le verglas. Trente-deux d\u00e9partements sont en vigilance. Les cumuls atteignent 3 \u00e0 7 cm, jusqu\u2019\u00e0 15 cm dans les Ardennes. \u00c0 Paris, on rel\u00e8ve 6 cm \u00e0 Montsouris et Melun, et 3 cm \u00e0 Trappes et Blois.Restrictions de circulation g\u00e9n\u00e9ralis\u00e9es<br \/>&#13;<br \/>\nLes autorit\u00e9s ont impos\u00e9 des mesures strictes pour limiter les risques. La vitesse maximale est abaiss\u00e9e \u00e0 80 km\/h pour les voitures, et \u00e0 70 km\/h en \u00cele-de-France. Les poids lourds de plus de 7,5 tonnes ne peuvent pas doubler et doivent r\u00e9duire leur vitesse de 20 km\/h. Sur l\u2019A10, les v\u00e9hicules de plus de 3,5 tonnes sont interdits entre Bordeaux et Poitiers, avec d\u00e9viation par la RN10. Des zones de stationnement obligatoires sont en place sur l\u2019A11 (Chartres, Angers, Ancenis), l\u2019A81 (La Gravelle, Saint-Denis-d\u2019Orques), l\u2019A10 (Poitiers, Saint-Arnoult, Monnaie) et l\u2019A71 (Salbris). Ces zones pourraient \u00eatre lev\u00e9es progressivement dans l\u2019apr\u00e8s-midi, en fonction de l\u2019am\u00e9lioration des conditions, notamment en \u00cele-de-France o\u00f9 les temp\u00e9ratures remontent.Le point sur l\u2019A83 apr\u00e8s les pluies vergla\u00e7antes<br \/>&#13;<br \/>\nSur l\u2019A83, la situation \u00e9volue apr\u00e8s quelques heures de blocage au p\u00e9age du Bignon. Les automobilistes commencent \u00e0 regagner leurs v\u00e9hicules et la circulation reprend lentement gr\u00e2ce \u00e0 la remont\u00e9e des temp\u00e9ratures et \u00e0 l\u2019action des chasse-neige. Toutefois, la prudence reste indispensable\u202f: sur l\u2019A71, l\u2019A19 et l\u2019A85, une seule voie est praticable, les autres \u00e9tant encore enneig\u00e9es.Autres axes hors r\u00e9seau Vinci<br \/>&#13;<br \/>\nHors r\u00e9seau Vinci, l\u2019A20 entre Vierzon et Limoges reste tr\u00e8s enneig\u00e9e, compliquant fortement la circulation. La d\u00e9pression se d\u00e9cale vers l\u2019Auvergne, et des chutes de neige sont attendues dans les prochaines heures sur l\u2019A89 autour de Clermont-Ferrand, ce qui pourrait entra\u00eener de nouvelles perturbations.Perspectives pour l\u2019apr\u00e8s-midi<br \/>&#13;<br \/>\nUne am\u00e9lioration est esp\u00e9r\u00e9e dans les prochaines heures, mais les autorit\u00e9s recommandent d\u2019\u00e9viter les d\u00e9placements non indispensables. Les poids lourds restent interdits dans les d\u00e9partements concern\u00e9s par la vigilance neige et verglas.    <\/p>\n","protected":false},"excerpt":{"rendered":"32 d\u00e9partements sont en vigilance neige-verglas, dont l\u2019\u00cele-de-France o\u00f9 la circulation reste difficile. Des restrictions touchent les autoroutes&hellip;\n","protected":false},"author":2,"featured_media":648440,"comment_status":"","ping_status":"","sticky":false,"template":"","format":"standard","meta":{"footnotes":""},"categories":[1592],"tags":[1111,11,2806,16680,1777,674,1011,27,662,11961,10584,66826,12,626,75360,25,11616,66801,15192],"class_list":{"0":"post-648439","1":"post","2":"type-post","3":"status-publish","4":"format-standard","5":"has-post-thumbnail","7":"category-ile-de-france","8":"tag-actu","9":"tag-actualites","10":"tag-ailleurs","11":"tag-departements","12":"tag-eu","13":"tag-europe","14":"tag-fr","15":"tag-france","16":"tag-ile-de-france","17":"tag-midi","18":"tag-neige","19":"tag-neige-verglas","20":"tag-news","21":"tag-paris","22":"tag-perturbees","23":"tag-republique-francaise","24":"tag-routes","25":"tag-verglas","26":"tag-vigilance"},"share_on_mastodon":{"url":"https:\/\/pubeurope.com\/@fr\/115857134953609274","error":""},"_links":{"self":[{"href":"https:\/\/www.europesays.com\/fr\/wp-json\/wp\/v2\/posts\/648439","targetHints":{"allow":["GET"]}}],"collection":[{"href":"https:\/\/www.europesays.com\/fr\/wp-json\/wp\/v2\/posts"}],"about":[{"href":"https:\/\/www.europesays.com\/fr\/wp-json\/wp\/v2\/types\/post"}],"author":[{"embeddable":true,"href":"https:\/\/www.europesays.com\/fr\/wp-json\/wp\/v2\/users\/2"}],"replies":[{"embeddable":true,"href":"https:\/\/www.europesays.com\/fr\/wp-json\/wp\/v2\/comments?post=648439"}],"version-history":[{"count":0,"href":"https:\/\/www.europesays.com\/fr\/wp-json\/wp\/v2\/posts\/648439\/revisions"}],"wp:featuredmedia":[{"embeddable":true,"href":"https:\/\/www.europesays.com\/fr\/wp-json\/wp\/v2\/media\/648440"}],"wp:attachment":[{"href":"https:\/\/www.europesays.com\/fr\/wp-json\/wp\/v2\/media?parent=648439"}],"wp:term":[{"taxonomy":"category","embeddable":true,"href":"https:\/\/www.europesays.com\/fr\/wp-json\/wp\/v2\/categories?post=648439"},{"taxonomy":"post_tag","embeddable":true,"href":"https:\/\/www.europesays.com\/fr\/wp-json\/wp\/v2\/tags?post=648439"}],"curies":[{"name":"wp","href":"https:\/\/api.w.org\/{rel}","templated":true}]}}