{"id":648441,"date":"2026-01-08T02:32:13","date_gmt":"2026-01-08T02:32:13","guid":{"rendered":"https:\/\/www.europesays.com\/fr\/648441\/"},"modified":"2026-01-08T02:32:13","modified_gmt":"2026-01-08T02:32:13","slug":"des-corteges-de-tracteurs-attendus-a-paris","status":"publish","type":"post","link":"https:\/\/www.europesays.com\/fr\/648441\/","title":{"rendered":"des cort\u00e8ges de tracteurs attendus \u00e0 Paris"},"content":{"rendered":"<p>      lire plus tard<\/p>\n<p id=\"dialog__title\" class=\"dialog__title\">Pour sauvegarder cet article, connectez-vous ou cr\u00e9ez un compte franceinfo<\/p>\n<p class=\"dialog__description\">Sans paiement. Sans abonnement.<\/p>\n<p>        Fermer la fen\u00eatre d\u2019activation des notifications France Info<\/p>\n<p>      cr\u00e9er votre compte<\/p>\n<p>      se connecter<\/p>\n<p>      :<\/p>\n<p>        Fermer la fen\u00eatre de pr\u00e9sentation<\/p>\n<p>    Publi\u00e9 le 07\/01\/2026 22:20<\/p>\n<p>      Mis \u00e0 jour le 07\/01\/2026 22:53<\/p>\n<p>        Temps de lecture : 2min &#8211; vid\u00e9o : 2min<\/p>\n<p>    <img decoding=\"async\" class=\"francetv-player-wrapper__image\" alt=\"Agriculteurs en col\u00e8re : Paris vis\u00e9e par des cort\u00e8ges de tracteurs\"  width=\"432\" height=\"243\" src=\"https:\/\/www.europesays.com\/fr\/wp-content\/uploads\/2026\/01\/bhhiuuhuih-695ecdd475208967130669.jpg\" fetchpriority=\"high\"\/><\/p>\n<p>              Agriculteurs en col\u00e8re : Paris vis\u00e9e par des cort\u00e8ges de tracteurs<br \/>\n                    (France 2)<\/p>\n<p>      2min<\/p>\n<p>\n  Des agriculteurs de toute la France, notamment du Loir-et-Cher, convergent vers Paris ce 7 janvier pour protester contre la signature du Mercosur et la crise \u00e9conomique qui frappe leurs exploitations. Ils esp\u00e8rent symboliquement bloquer la capitale et faire entendre leurs revendications aupr\u00e8s des pouvoirs publics.\n<\/p>\n<p><strong>Ce texte correspond \u00e0 une partie de la retranscription du reportage ci-dessus. Cliquez sur la vid\u00e9o pour la regarder dans son int\u00e9gralit\u00e9.<\/strong><\/p>\n<p>Leur mot d&rsquo;ordre : rallier Paris, co\u00fbte que co\u00fbte. <a href=\"https:\/\/france3-regions.franceinfo.fr\/grand-est\/bas-rhin\/nous-refusons-que-nos-concitoyens-mangent-de-la-viande-aux-hormones-les-agriculteurs-maintiennent-la-pression-contre-le-mercosur-3277820.html\" target=\"_blank\" rel=\"noopener\" data-tooltip-url=\"https:\/\/france3-regions.franceinfo.fr\/grand-est\/bas-rhin\/nous-refusons-que-nos-concitoyens-mangent-de-la-viande-aux-hormones-les-agriculteurs-maintiennent-la-pression-contre-le-mercosur-3277820.html\">Comme une dizaine de cort\u00e8ges partout en France<\/a>, les tracteurs convergent vers la capitale, mercredi 7 janvier. Ils sont 15 agriculteurs du Loir-et-Cher d\u00e9termin\u00e9s \u00e0 faire entendre leurs revendications.<\/p>\n<p>Fr\u00e9d\u00e9ric Pr\u00e9geant, pr\u00e9sident de la coordination rurale du Loir-et-Cher, explique : \u00ab\u00a0On n&rsquo;a pas de revenus. Donc, \u00e0 un moment, il faut retrouver des revenus. Qu&rsquo;est-ce qu&rsquo;on nous annonce ? Qu&rsquo;on va signer le Mercosur. Tout \u00e7a, c&rsquo;est du moins pour nous. Alors on n&rsquo;a d\u00e9j\u00e0 plus d&rsquo;argent. Si on fait du moins, forc\u00e9ment, on peut liquider les fermes.\u00a0\u00bb <\/p>\n<p>R\u00e9unis \u00e0 l&rsquo;appel de la coordination rurale, oppos\u00e9s au Mercosur en passe d&rsquo;\u00eatre sign\u00e9 et en pleine crise de dermatose, ils veulent symboliquement bloquer Paris. \u00ab\u00a0On va y aller mais il n&rsquo;y a rien de gagn\u00e9, parce que d&rsquo;ici Paris, il y a quelques kilom\u00e8tres et il y a beaucoup de centaures, je pense\u00a0\u00bb, confie C\u00e9dric Saillard, c\u00e9r\u00e9alier dans le Loir-et-Cher. \u00c0 quelques minutes du d\u00e9part, en effet, ils sont contr\u00f4l\u00e9s, verbalis\u00e9s, puis escort\u00e9s. Ils tentent d&rsquo;avancer le plus loin possible.<\/p>\n<p>Toute la journ\u00e9e, partout en France, le sc\u00e9nario s&rsquo;est r\u00e9p\u00e9t\u00e9, comme pr\u00e8s de Toulouse (Haute-Garonne). Lors d\u2019une altercation sur l&rsquo;autoroute A68, les agriculteurs voulaient installer un barrage filtrant. Ils ont \u00e9t\u00e9 contr\u00e9s, mais restent mobilis\u00e9s. Mathieu Maronese, secr\u00e9taire g\u00e9n\u00e9ral adjoint des Jeunes agriculteurs de Haute-Garonne, d\u00e9nonce : \u00ab\u00a0L&rsquo;attente de la libert\u00e9 de manifestation, c&rsquo;est quand m\u00eame tr\u00e8s grave. On vit des moments sombres de l&rsquo;histoire de la France. Mais on arrivera \u00e0 Toulouse, co\u00fbte que co\u00fbte, t\u00f4t ou tard.\u00a0\u00bb<\/p>\n<p>Cette guerre d&rsquo;usure f\u00e9d\u00e8re d\u00e9sormais aussi ceux qui n&rsquo;avaient jamais manifest\u00e9. Baptiste Mugnier, c\u00e9r\u00e9alier en Haute-Garonne, t\u00e9moigne : \u00ab\u00a0Jusque-l\u00e0, je n&rsquo;ai jamais os\u00e9, mais c&rsquo;est un cri de dernier espoir.\u00a0\u00bb<\/p>\n<p>Un barrage routier dans les Bouches-du-Rh\u00f4ne, des filets de tracteurs dans la Somme, en passant par les Yvelines o\u00f9 un cort\u00e8ge a \u00e9t\u00e9 intercept\u00e9 et trois agriculteurs plac\u00e9s en garde \u00e0 vue : le minist\u00e8re de l&rsquo;Int\u00e9rieur craint une forte mobilisation le 8 janvier. Le p\u00e9riph\u00e9rique, les a\u00e9roports et le march\u00e9 international de Rungis pourraient \u00eatre des cibles.<\/p>\n","protected":false},"excerpt":{"rendered":"lire plus tard Pour sauvegarder cet article, connectez-vous ou cr\u00e9ez un compte franceinfo Sans paiement. Sans abonnement. Fermer&hellip;\n","protected":false},"author":2,"featured_media":648442,"comment_status":"","ping_status":"","sticky":false,"template":"","format":"standard","meta":{"footnotes":""},"categories":[1888],"tags":[1111,1928,11,1927,1777,674,1011,27,12,1926,626,1925,25],"class_list":{"0":"post-648441","1":"post","2":"type-post","3":"status-publish","4":"format-standard","5":"has-post-thumbnail","7":"category-paris","8":"tag-actu","9":"tag-actu-paris","10":"tag-actualites","11":"tag-actualites-paris","12":"tag-eu","13":"tag-europe","14":"tag-fr","15":"tag-france","16":"tag-news","17":"tag-news-paris","18":"tag-paris","19":"tag-paris-news","20":"tag-republique-francaise"},"share_on_mastodon":{"url":"https:\/\/pubeurope.com\/@fr\/115857138894720443","error":""},"_links":{"self":[{"href":"https:\/\/www.europesays.com\/fr\/wp-json\/wp\/v2\/posts\/648441","targetHints":{"allow":["GET"]}}],"collection":[{"href":"https:\/\/www.europesays.com\/fr\/wp-json\/wp\/v2\/posts"}],"about":[{"href":"https:\/\/www.europesays.com\/fr\/wp-json\/wp\/v2\/types\/post"}],"author":[{"embeddable":true,"href":"https:\/\/www.europesays.com\/fr\/wp-json\/wp\/v2\/users\/2"}],"replies":[{"embeddable":true,"href":"https:\/\/www.europesays.com\/fr\/wp-json\/wp\/v2\/comments?post=648441"}],"version-history":[{"count":0,"href":"https:\/\/www.europesays.com\/fr\/wp-json\/wp\/v2\/posts\/648441\/revisions"}],"wp:featuredmedia":[{"embeddable":true,"href":"https:\/\/www.europesays.com\/fr\/wp-json\/wp\/v2\/media\/648442"}],"wp:attachment":[{"href":"https:\/\/www.europesays.com\/fr\/wp-json\/wp\/v2\/media?parent=648441"}],"wp:term":[{"taxonomy":"category","embeddable":true,"href":"https:\/\/www.europesays.com\/fr\/wp-json\/wp\/v2\/categories?post=648441"},{"taxonomy":"post_tag","embeddable":true,"href":"https:\/\/www.europesays.com\/fr\/wp-json\/wp\/v2\/tags?post=648441"}],"curies":[{"name":"wp","href":"https:\/\/api.w.org\/{rel}","templated":true}]}}