{"id":648443,"date":"2026-01-08T02:33:21","date_gmt":"2026-01-08T02:33:21","guid":{"rendered":"https:\/\/www.europesays.com\/fr\/648443\/"},"modified":"2026-01-08T02:33:21","modified_gmt":"2026-01-08T02:33:21","slug":"danielle-simmonet-larme-anti-chikirou-demmanuel-gregoire","status":"publish","type":"post","link":"https:\/\/www.europesays.com\/fr\/648443\/","title":{"rendered":"Danielle Simmonet, l&rsquo;arme anti-Chikirou d&rsquo;Emmanuel Gr\u00e9goire"},"content":{"rendered":"<p>\n    La t\u00eate de liste du PS compte sur le ralliement de cette ancienne cadre m\u00e9lenchoniste pour s\u00e9duire les quartiers populaires et affaiblir la candidature de Sophia Chikirou.<\/p>\n<p class=\"fig-paragraph\">Sur le palier de la porte,\u00a0<a href=\"http:\/\/www.lefigaro.fr\/elections\/legislatives\/non-il-ne-l-a-pas-fait-ca-vous-etonne-danielle-simonnet-se-paye-jean-luc-melenchon-a-son-arrivee-a-l-assemblee-20240708\" data-fig-type=\"NewsFlash\" data-gtm-custom-categorie=\"navigation\" data-gtm-custom-action=\"crossclick\" data-gtm-custom-label=\"Contextuel\" data-gtm-event=\"customEventSPE\" data-fig-domain=\"LEFIGARO\" target=\"_blank\" rel=\"noopener\">Danielle Simonnet<\/a>\u00a0d\u00e9veloppe\u00a0: \u00abMoi, je n\u2019ai qu\u2019une angoisse, c\u2019est que Rachida Dati prenne la mairie de Paris. Il faut une gauche qui d\u00e9fende les classes populaires\u00bb. En face d\u2019elle, l\u2019habitante de ce logement social du 20e arrondissement confirme\u00a0: \u00abOh oui, c\u2019est tr\u00e8s important\u00bb. \u00abComment peut-on vous recontacter, madame?\u00bb, interroge la d\u00e9put\u00e9e. Dans le couloir, l\u2019ex-Insoumise glisse \u00e0 Emmanuel Gr\u00e9goire, la t\u00eate de liste du PS aux municipales \u00e0 Paris\u00a0: \u00abJe demande toujours le t\u00e9l\u00e9phone ou l\u2019adresse mail lorsque je fais du porte-\u00e0-porte\u00bb. Le socialiste \u00e9coute. Et lorsqu\u2019une nouvelle porte s\u2019ouvre, le voil\u00e0 qui demande\u00a0: \u00abComment peut-on vous recontacter, madame?\u00bb.<\/p>\n<p class=\"fig-paragraph\">En obtenant le ralliement de Danielle Simmonet \u00e0\u00a0<a href=\"http:\/\/www.lefigaro.fr\/politique\/municipales-a-paris-sur-le-terrain-emmanuel-gregoire-et-david-belliard-mettent-en-scene-leur-alliance-20251218\" data-fig-type=\"Article\" data-gtm-custom-categorie=\"navigation\" data-gtm-custom-action=\"crossclick\" data-gtm-custom-label=\"Contextuel\" data-gtm-event=\"customEventSPE\" data-fig-domain=\"LEFIGARO\" target=\"_blank\" rel=\"noopener\">la liste d\u2019union<\/a>\u00a0(PS, Verts, PCF) en \u00e9change de la promesse de deux conseillers de Paris, l\u2019ex-premier adjoint d\u2019Anne Hidalgo a r\u00e9alis\u00e9 un joli petit coup dans cette campagne. L\u2019ancienne m\u00e9lenchoniste b\u00e9n\u00e9ficie d\u2019une notori\u00e9t\u00e9 dans l\u2019est-parisien\u2026<\/p>\n<p class=\"fig-premium-paywall__infos\">\n        Cet article est r\u00e9serv\u00e9 aux abonn\u00e9s.        Il vous reste 74% \u00e0 d\u00e9couvrir.\n    <\/p>\n<p>                <img  data- alt=\"Le Figaro\" class=\"fig-img--complete fig-img\"\/><\/p>\n<p class=\"fig-premium-paywall__title\">Le Figaro c\u00e9l\u00e8bre ses 200 ans<\/p>\n<p class=\"fig-premium-paywall__subtitle\">Offre anniversaire : 2\u20ac\/mois pendant 200 semaines<\/p>\n<p class=\"fig-premium-paywall__connect\">\n                D\u00e9j\u00e0 abonn\u00e9\u00a0?                <a class=\"fig-premium-paywall__connect-link\" href=\"https:\/\/connect.lefigaro.fr\/login?client=horizon_web&amp;type=main&amp;redirect_uri=https%3A%2F%2Fwww.lefigaro.fr%2Fpolitique%2Fmunicipales-a-paris-danielle-simmonet-l-arme-anti-chikirou-d-emmanuel-gregoire-20260107\" data-js-gtm=\"{&quot;customCategorie&quot;: &quot;conversion&quot;, &quot;customAction&quot;: &quot;before_Landing_Connexion_paywall_auto&quot;, &quot;customLabel&quot;: &quot;bGVmaWdhcm8uZnJfXzFmMGViZDZkLWEwNzUtNjU2ZS1iNTk2LTI3NDNhMTJlMTU5N19fQXJ0aWNsZQ==_Municipales \u00e0 Paris: Danielle Simmonet, l&#039;arme anti-Chikirou d&#039;Emmanuel Gr\u00e9goire_281&quot;, &quot;customIDSPE&quot;: &quot;bGVmaWdhcm8uZnJfXzFmMGViZDZkLWEwNzUtNjU2ZS1iNTk2LTI3NDNhMTJlMTU5N19fQXJ0aWNsZQ==&quot;, &quot;event&quot;: &quot;customEventSPE&quot;}\" target=\"_blank\" rel=\"noopener\"><br \/>\n                    Connectez-vous<br \/>\n                <\/a>\n            <\/p>\n","protected":false},"excerpt":{"rendered":"La t\u00eate de liste du PS compte sur le ralliement de cette ancienne cadre m\u00e9lenchoniste pour s\u00e9duire les&hellip;\n","protected":false},"author":2,"featured_media":648444,"comment_status":"","ping_status":"","sticky":false,"template":"","format":"standard","meta":{"footnotes":""},"categories":[1888],"tags":[1111,1928,11,1927,75299,8186,1777,674,1011,27,65452,12,1926,626,1925,25,18834],"class_list":{"0":"post-648443","1":"post","2":"type-post","3":"status-publish","4":"format-standard","5":"has-post-thumbnail","7":"category-paris","8":"tag-actu","9":"tag-actu-paris","10":"tag-actualites","11":"tag-actualites-paris","12":"tag-danielle-simonnet","13":"tag-emmanuel-gregoire","14":"tag-eu","15":"tag-europe","16":"tag-fr","17":"tag-france","18":"tag-municipales-paris","19":"tag-news","20":"tag-news-paris","21":"tag-paris","22":"tag-paris-news","23":"tag-republique-francaise","24":"tag-sophia-chikirou"},"share_on_mastodon":{"url":"https:\/\/pubeurope.com\/@fr\/115857142787590991","error":""},"_links":{"self":[{"href":"https:\/\/www.europesays.com\/fr\/wp-json\/wp\/v2\/posts\/648443","targetHints":{"allow":["GET"]}}],"collection":[{"href":"https:\/\/www.europesays.com\/fr\/wp-json\/wp\/v2\/posts"}],"about":[{"href":"https:\/\/www.europesays.com\/fr\/wp-json\/wp\/v2\/types\/post"}],"author":[{"embeddable":true,"href":"https:\/\/www.europesays.com\/fr\/wp-json\/wp\/v2\/users\/2"}],"replies":[{"embeddable":true,"href":"https:\/\/www.europesays.com\/fr\/wp-json\/wp\/v2\/comments?post=648443"}],"version-history":[{"count":0,"href":"https:\/\/www.europesays.com\/fr\/wp-json\/wp\/v2\/posts\/648443\/revisions"}],"wp:featuredmedia":[{"embeddable":true,"href":"https:\/\/www.europesays.com\/fr\/wp-json\/wp\/v2\/media\/648444"}],"wp:attachment":[{"href":"https:\/\/www.europesays.com\/fr\/wp-json\/wp\/v2\/media?parent=648443"}],"wp:term":[{"taxonomy":"category","embeddable":true,"href":"https:\/\/www.europesays.com\/fr\/wp-json\/wp\/v2\/categories?post=648443"},{"taxonomy":"post_tag","embeddable":true,"href":"https:\/\/www.europesays.com\/fr\/wp-json\/wp\/v2\/tags?post=648443"}],"curies":[{"name":"wp","href":"https:\/\/api.w.org\/{rel}","templated":true}]}}