{"id":648451,"date":"2026-01-08T02:37:13","date_gmt":"2026-01-08T02:37:13","guid":{"rendered":"https:\/\/www.europesays.com\/fr\/648451\/"},"modified":"2026-01-08T02:37:13","modified_gmt":"2026-01-08T02:37:13","slug":"le-port-dodessa-en-ukraine-le-coeur-economique-du-pays-en-peril-face-aux-frappes-russes-reportage-international","status":"publish","type":"post","link":"https:\/\/www.europesays.com\/fr\/648451\/","title":{"rendered":"Le port d\u2019Odessa en Ukraine: le c\u0153ur \u00e9conomique du pays en p\u00e9ril face aux frappes russes &#8211; Reportage international"},"content":{"rendered":"<p class=\"t-content__chapo\">\n                                                Pendant que les n\u00e9gociations se poursuivent, la Russie continue de frapper l\u2019Ukraine \u00e0 l\u2019arri\u00e8re. Sur ses villes et ses infrastructures. On parle beaucoup de l\u2019\u00e9lectricit\u00e9, mais tout l\u2019appareil \u00e9conomique ukrainien est touch\u00e9. Les trains, les routes et les ports. La ville d\u2019Odessa, \u00e0 150\u00a0kilom\u00e8tres du front, accueille le plus grand complexe portuaire du pays o\u00f9 presque toutes les exportations transitent, principalement des c\u00e9r\u00e9ales type bl\u00e9 et ma\u00efs. Sans compter les minerais de fer. R\u00e9sultat : la cit\u00e9 d\u2019un million d\u2019habitants a subi davantage d\u2019alertes a\u00e9riennes que Kiev en 2025.                    <\/p>\n<p><img decoding=\"async\" fetchpriority=\"low\" src=\"https:\/\/www.europesays.com\/fr\/wp-content\/uploads\/2026\/01\/AP25087718766339.jpg\"   width=\"1024\" height=\"576\" alt=\"Un navire dans le port d\u2019Odessa en Ukraine, vendredi 28 mars 2025 (image d'illustration).\" loading=\"eager\" class=\"a-img \"\/><\/p>\n<p>                Un navire dans le port d\u2019Odessa en Ukraine, vendredi 28 mars 2025 (image d&rsquo;illustration).                \u00a9 Evgeniy Maloletka \/ AP            <\/p>\n<p>Le reportage de notre correspondant \u00e0 Odessa est \u00e0 retrouver dans son int\u00e9gralit\u00e9 dans notre podcast <strong><a target=\"_self\" href=\"https:\/\/www.rfi.fr\/fr\/podcasts\/accents-europe\/\" rel=\"noopener\">Accents d\u2019Europe<\/a><\/strong>.<\/p>\n<p>\u00a0<\/p>\n<p class=\"a-read-more\">\u00c0 lire aussi<a target=\"_self\" href=\"https:\/\/www.rfi.fr\/fr\/europe\/20251201-ukraine-odessa-la-cit\u00e9-des-bords-de-la-mer-noire-frapp\u00e9e-au-quotidien-par-la-russie\" class=\"a-read-more__link\" rel=\"noopener\">Ukraine: Odessa, la cit\u00e9 des bords de la mer Noire, frapp\u00e9e au quotidien par la Russie<\/a><\/p>\n","protected":false},"excerpt":{"rendered":"Pendant que les n\u00e9gociations se poursuivent, la Russie continue de frapper l\u2019Ukraine \u00e0 l\u2019arri\u00e8re. Sur ses villes et&hellip;\n","protected":false},"author":2,"featured_media":648452,"comment_status":"","ping_status":"","sticky":false,"template":"","format":"standard","meta":{"footnotes":""},"categories":[1590],"tags":[11,1777,674,12,2436,220],"class_list":{"0":"post-648451","1":"post","2":"type-post","3":"status-publish","4":"format-standard","5":"has-post-thumbnail","7":"category-ukraine","8":"tag-actualites","9":"tag-eu","10":"tag-europe","11":"tag-news","12":"tag-reportage-international","13":"tag-ukraine"},"share_on_mastodon":{"url":"https:\/\/pubeurope.com\/@fr\/115857158635732709","error":""},"_links":{"self":[{"href":"https:\/\/www.europesays.com\/fr\/wp-json\/wp\/v2\/posts\/648451","targetHints":{"allow":["GET"]}}],"collection":[{"href":"https:\/\/www.europesays.com\/fr\/wp-json\/wp\/v2\/posts"}],"about":[{"href":"https:\/\/www.europesays.com\/fr\/wp-json\/wp\/v2\/types\/post"}],"author":[{"embeddable":true,"href":"https:\/\/www.europesays.com\/fr\/wp-json\/wp\/v2\/users\/2"}],"replies":[{"embeddable":true,"href":"https:\/\/www.europesays.com\/fr\/wp-json\/wp\/v2\/comments?post=648451"}],"version-history":[{"count":0,"href":"https:\/\/www.europesays.com\/fr\/wp-json\/wp\/v2\/posts\/648451\/revisions"}],"wp:featuredmedia":[{"embeddable":true,"href":"https:\/\/www.europesays.com\/fr\/wp-json\/wp\/v2\/media\/648452"}],"wp:attachment":[{"href":"https:\/\/www.europesays.com\/fr\/wp-json\/wp\/v2\/media?parent=648451"}],"wp:term":[{"taxonomy":"category","embeddable":true,"href":"https:\/\/www.europesays.com\/fr\/wp-json\/wp\/v2\/categories?post=648451"},{"taxonomy":"post_tag","embeddable":true,"href":"https:\/\/www.europesays.com\/fr\/wp-json\/wp\/v2\/tags?post=648451"}],"curies":[{"name":"wp","href":"https:\/\/api.w.org\/{rel}","templated":true}]}}