{"id":648453,"date":"2026-01-08T02:38:08","date_gmt":"2026-01-08T02:38:08","guid":{"rendered":"https:\/\/www.europesays.com\/fr\/648453\/"},"modified":"2026-01-08T02:38:08","modified_gmt":"2026-01-08T02:38:08","slug":"la-police-de-limmigration-americaine-ice-a-abattu-une-femme-lors-dune-operation-ciblee-a-minneapolis","status":"publish","type":"post","link":"https:\/\/www.europesays.com\/fr\/648453\/","title":{"rendered":"La police de l\u2019immigration am\u00e9ricaine (ICE) a abattu une femme lors d\u2019une op\u00e9ration cibl\u00e9e \u00e0 Minneapolis"},"content":{"rendered":"<p>Un policier de l\u2019immigration a abattu une femme lors d\u2019une op\u00e9ration mercredi \u00e0 Minneapolis, un acte relevant de la \u00ab l\u00e9gitime d\u00e9fense \u00bb selon <a href=\"https:\/\/www.ledevoir.com\/donald-trump\" target=\"_blank\" rel=\"noopener\">Donald Trump<\/a>, alors que les responsables politiques locaux contestent cette version des faits, en se basant sur des vid\u00e9os.<\/p>\n<p>Dans la soir\u00e9e, plusieurs milliers de personnes se sont rassembl\u00e9es sur les lieux en hommage \u00e0 la victime. \u00ab Il n\u2019y aucune raison, quoi que cette personne ait fait, qu\u2019elle m\u00e9rite d\u2019\u00eatre tu\u00e9e \u00bb, rapportait l\u2019une d\u2019elles \u00e0 la cha\u00eene locale WCCO.<\/p>\n<p>La police f\u00e9d\u00e9rale de l\u2019immigration (ICE) m\u00e8ne depuis mardi une vaste s\u00e9rie d\u2019op\u00e9rations dans cette grande ville du nord des \u00c9tats-Unis et sa banlieue, impliquant environ 2000 policiers.<\/p>\n<p>Lors d\u2019une op\u00e9ration, \u00ab des \u00e9meutiers ont commenc\u00e9 \u00e0 bloquer les agents \u00bb, a rapport\u00e9 le d\u00e9partement am\u00e9ricain de la S\u00e9curit\u00e9 int\u00e9rieure dans un communiqu\u00e9.<\/p>\n<p>L\u2019une des protestataires aurait alors \u00ab transform\u00e9 son v\u00e9hicule en arme, tentant de renverser nos forces de l\u2019ordre dans l\u2019intention de les tuer \u2014 un acte de terrorisme int\u00e9rieur \u00bb, poursuit le texte.<\/p>\n<p>\u00ab Un agent de l\u2019ICE, craignant pour sa vie, pour celle de ses coll\u00e8gues et pour la s\u00e9curit\u00e9 du public, a tir\u00e9 des coups de feu en \u00e9tat de l\u00e9gitime d\u00e9fense \u00bb, a ajout\u00e9 le d\u00e9partement.<\/p>\n<p>La conductrice du v\u00e9hicule est d\u00e9c\u00e9d\u00e9e apr\u00e8s les tirs.<\/p>\n<p>Dans une vid\u00e9o circulant sur les r\u00e9seaux sociaux, non authentifi\u00e9e par l\u2019AFP, on voit des agents des forces de l\u2019ordre se diriger vers un v\u00e9hicule de type VUS, sur une route enneig\u00e9e.<\/p>\n<p>Puis la voiture commence \u00e0 man\u0153uvrer, lorsque retentissent des coups de feu. Le v\u00e9hicule vient alors percuter un autre, gar\u00e9 quelques m\u00e8tres plus loin.<\/p>\n<p>Dans une autre vid\u00e9o, prise sous un angle diff\u00e9rent, on voit un policier qui tente d\u2019ouvrir la porti\u00e8re du c\u00f4t\u00e9 de la conductrice. La voiture fait marche arri\u00e8re puis repart vers l\u2019avant. Un autre policier plac\u00e9 devant le v\u00e9hicule ouvre alors le feu. Des t\u00e9moins crient \u00ab assassins ! \u00bb.<\/p>\n<p>\u00ab Machine de propagande \u00bb<\/p>\n<p>Lors d\u2019un point de presse, le maire d\u00e9mocrate de Minneapolis Jacob Frey, s\u2019appuyant notamment sur ces images, a qualifi\u00e9 de \u00ab conneries \u00bb la version de la police de l\u2019immigration, affirmant que la conductrice n\u2019avait jamais repr\u00e9sent\u00e9 un danger pour quiconque.<\/p>\n<p>\u00ab Nous redoutions ce moment depuis le d\u00e9but \u00bb de la pr\u00e9sence de ICE dans la ville, a-t-il poursuivi, ajoutant avoir \u00ab un message \u00bb pour eux : \u00ab cassez-vous de Minneapolis ! \u00bb.<\/p>\n<p>\u00ab J\u2019ai vu la vid\u00e9o. Ne croyez pas cette machine de propagande \u00bb, a \u00e9galement lanc\u00e9 le gouverneur d\u00e9mocrate <a href=\"https:\/\/www.ledevoir.com\/tim-walz\" target=\"_blank\" rel=\"noopener\">Tim Walz<\/a>, ex-colistier de <a href=\"https:\/\/www.ledevoir.com\/kamala-harris\" target=\"_blank\" rel=\"noopener\">Kamala Harris<\/a> pour la pr\u00e9sidentielle de 2024.<\/p>\n<p>\u00ab L\u2019\u00c9tat (du Minnesota) veillera \u00e0 ce qu\u2019une enqu\u00eate compl\u00e8te, \u00e9quitable et rapide soit men\u00e9e afin de garantir que les responsabilit\u00e9s soient \u00e9tablies et que justice soit rendue \u00bb, a-t-il poursuivi.<\/p>\n<p>Le FBI est en charge de l\u2019enqu\u00eate. Un journal local a identifi\u00e9 la victime comme \u00e9tant Ren\u00e9e Nicole Good, 37 ans.<\/p>\n<p>\u00ab Cette situation est examin\u00e9e, dans son int\u00e9gralit\u00e9, mais la raison pour laquelle ces incidents surviennent est que la gauche radicale menace, agresse et cible quotidiennement les forces de l\u2019ordre et les agents de la police de l\u2019immigration \u00bb, a justifi\u00e9 Donald Trump sur son r\u00e9seau Truth Social.<\/p>\n<p>Dans une conf\u00e9rence de presse mercredi soir, la secr\u00e9taire \u00e0 la S\u00e9curit\u00e9 int\u00e9rieure Kristi Noem a affirm\u00e9 que la victime avait \u00ab suivi et entrav\u00e9 le travail de [la police] tout au long de la journ\u00e9e \u00bb.<\/p>\n<p>Elle a ajout\u00e9 que le policier de l\u2019immigration qui a ouvert le feu avait lors d\u2019une pr\u00e9c\u00e9dente op\u00e9ration en juin \u00e9t\u00e9 percut\u00e9 par une voiture \u00ab et tra\u00een\u00e9 sur plusieurs m\u00e8tres \u00bb.<\/p>\n<p>Donald Trump a fait de la lutte contre l\u2019immigration clandestine l\u2019un des principaux axes de sa politique int\u00e9rieure.<\/p>\n<p>ICE a lanc\u00e9 une vaste campagne de recrutement l\u2019\u00e9t\u00e9 dernier, attirant environ 10 000 nouveaux agents \u2014 suscitant des craintes sur leur manque d\u2019entra\u00eenement.<\/p>\n<p>Depuis le retour de Donald Trump \u00e0 la Maison-Blanche, quelque 70 millions de dollars ont \u00e9t\u00e9 d\u00e9pens\u00e9s par cette agence f\u00e9d\u00e9rale dans les cat\u00e9gories \u00ab armes l\u00e9g\u00e8res, munitions et accessoires \u00bb.<\/p>\n<p>\u00c0 plusieurs reprises ces derniers mois, des personnes sont mortes, souvent accidentellement, en tentant d\u2019\u00e9chapper aux contr\u00f4les.<\/p>\n","protected":false},"excerpt":{"rendered":"Un policier de l\u2019immigration a abattu une femme lors d\u2019une op\u00e9ration mercredi \u00e0 Minneapolis, un acte relevant de&hellip;\n","protected":false},"author":2,"featured_media":648454,"comment_status":"","ping_status":"","sticky":false,"template":"","format":"standard","meta":{"footnotes":""},"categories":[1589],"tags":[11,73,1866,12,1864,1865,1863,308],"class_list":{"0":"post-648453","1":"post","2":"type-post","3":"status-publish","4":"format-standard","5":"has-post-thumbnail","7":"category-etats-unis","8":"tag-actualites","9":"tag-etats-unis","10":"tag-etats-unis-damerique","11":"tag-news","12":"tag-united-states","13":"tag-united-states-of-america","14":"tag-us","15":"tag-usa"},"share_on_mastodon":{"url":"https:\/\/pubeurope.com\/@fr\/115857162446410169","error":""},"_links":{"self":[{"href":"https:\/\/www.europesays.com\/fr\/wp-json\/wp\/v2\/posts\/648453","targetHints":{"allow":["GET"]}}],"collection":[{"href":"https:\/\/www.europesays.com\/fr\/wp-json\/wp\/v2\/posts"}],"about":[{"href":"https:\/\/www.europesays.com\/fr\/wp-json\/wp\/v2\/types\/post"}],"author":[{"embeddable":true,"href":"https:\/\/www.europesays.com\/fr\/wp-json\/wp\/v2\/users\/2"}],"replies":[{"embeddable":true,"href":"https:\/\/www.europesays.com\/fr\/wp-json\/wp\/v2\/comments?post=648453"}],"version-history":[{"count":0,"href":"https:\/\/www.europesays.com\/fr\/wp-json\/wp\/v2\/posts\/648453\/revisions"}],"wp:featuredmedia":[{"embeddable":true,"href":"https:\/\/www.europesays.com\/fr\/wp-json\/wp\/v2\/media\/648454"}],"wp:attachment":[{"href":"https:\/\/www.europesays.com\/fr\/wp-json\/wp\/v2\/media?parent=648453"}],"wp:term":[{"taxonomy":"category","embeddable":true,"href":"https:\/\/www.europesays.com\/fr\/wp-json\/wp\/v2\/categories?post=648453"},{"taxonomy":"post_tag","embeddable":true,"href":"https:\/\/www.europesays.com\/fr\/wp-json\/wp\/v2\/tags?post=648453"}],"curies":[{"name":"wp","href":"https:\/\/api.w.org\/{rel}","templated":true}]}}