{"id":648467,"date":"2026-01-08T02:45:23","date_gmt":"2026-01-08T02:45:23","guid":{"rendered":"https:\/\/www.europesays.com\/fr\/648467\/"},"modified":"2026-01-08T02:45:23","modified_gmt":"2026-01-08T02:45:23","slug":"les-laureats-de-forte-sexposent-au-frac-ile-de-france","status":"publish","type":"post","link":"https:\/\/www.europesays.com\/fr\/648467\/","title":{"rendered":"Les laur\u00e9ats de FoRTE s&rsquo;exposent au FRAC\u00a0\u00cele-de-France"},"content":{"rendered":"<p>Chaque ann\u00e9e depuis 2017,\u00a0le Fonds r\u00e9gional pour les talents \u00e9mergents (FoRTE), financ\u00e9 par la R\u00e9gion \u00cele-de-France, soutient de jeunes cr\u00e9ateurs associ\u00e9s \u00e0 une structure professionnelle \u00e0 l\u2019aide d\u2019une enveloppe d\u2019un million d\u2019euros. Le dispositif mobilise d\u2019une part des aides financi\u00e8res attribu\u00e9es sous la forme de subventions (jusqu\u2019\u00e0 50 000 euros r\u00e9partis sur dix mois), ou de bourses de 2 500 euros maximum par mois (\u00e9galement pour une dur\u00e9e de\u00a010 mois) en vue de la cr\u00e9ation d\u2019une \u0153uvre. \u00c0\u00a0cela s\u2019ajoute l&rsquo;accompagnement par une structure\u2026<\/p>\n","protected":false},"excerpt":{"rendered":"Chaque ann\u00e9e depuis 2017,\u00a0le Fonds r\u00e9gional pour les talents \u00e9mergents (FoRTE), financ\u00e9 par la R\u00e9gion \u00cele-de-France, soutient de&hellip;\n","protected":false},"author":2,"featured_media":648468,"comment_status":"","ping_status":"","sticky":false,"template":"","format":"standard","meta":{"footnotes":""},"categories":[4],"tags":[11,1396,1011,3864,75362,27,4074,75361,12,16,25],"class_list":{"0":"post-648467","1":"post","2":"type-post","3":"status-publish","4":"format-standard","5":"has-post-thumbnail","7":"category-france","8":"tag-actualites","9":"tag-art-contemporain","10":"tag-fr","11":"tag-frac","12":"tag-frac-ile-de-france","13":"tag-france","14":"tag-jeunes","15":"tag-mecenat-culturel","16":"tag-news","17":"tag-region","18":"tag-republique-francaise"},"share_on_mastodon":{"url":"https:\/\/pubeurope.com\/@fr\/115857189899076915","error":""},"_links":{"self":[{"href":"https:\/\/www.europesays.com\/fr\/wp-json\/wp\/v2\/posts\/648467","targetHints":{"allow":["GET"]}}],"collection":[{"href":"https:\/\/www.europesays.com\/fr\/wp-json\/wp\/v2\/posts"}],"about":[{"href":"https:\/\/www.europesays.com\/fr\/wp-json\/wp\/v2\/types\/post"}],"author":[{"embeddable":true,"href":"https:\/\/www.europesays.com\/fr\/wp-json\/wp\/v2\/users\/2"}],"replies":[{"embeddable":true,"href":"https:\/\/www.europesays.com\/fr\/wp-json\/wp\/v2\/comments?post=648467"}],"version-history":[{"count":0,"href":"https:\/\/www.europesays.com\/fr\/wp-json\/wp\/v2\/posts\/648467\/revisions"}],"wp:featuredmedia":[{"embeddable":true,"href":"https:\/\/www.europesays.com\/fr\/wp-json\/wp\/v2\/media\/648468"}],"wp:attachment":[{"href":"https:\/\/www.europesays.com\/fr\/wp-json\/wp\/v2\/media?parent=648467"}],"wp:term":[{"taxonomy":"category","embeddable":true,"href":"https:\/\/www.europesays.com\/fr\/wp-json\/wp\/v2\/categories?post=648467"},{"taxonomy":"post_tag","embeddable":true,"href":"https:\/\/www.europesays.com\/fr\/wp-json\/wp\/v2\/tags?post=648467"}],"curies":[{"name":"wp","href":"https:\/\/api.w.org\/{rel}","templated":true}]}}