{"id":64847,"date":"2025-04-30T17:01:23","date_gmt":"2025-04-30T17:01:23","guid":{"rendered":"https:\/\/www.europesays.com\/fr\/64847\/"},"modified":"2025-04-30T17:01:23","modified_gmt":"2025-04-30T17:01:23","slug":"mega-finaliste-de-the-voice-2025-repond-aux-critiques-a-son-sujet","status":"publish","type":"post","link":"https:\/\/www.europesays.com\/fr\/64847\/","title":{"rendered":"Mega, finaliste de The Voice 2025, r\u00e9pond aux critiques \u00e0 son sujet"},"content":{"rendered":"<p>Pour la finale de The Voice 2025, Vianney sera repr\u00e9sent\u00e9 par Mega. Un choix remis en question par certains t\u00e9l\u00e9spectateurs sur les r\u00e9seaux sociaux. Le finaliste se confie \u00e0 T\u00e9l\u00e9-Loisirs sur les critiques \u00e0 son sujet.<\/p>\n<p>Ce samedi 3 mai, <a href=\"https:\/\/www.programme-tv.net\/news\/tv\/377835-the-voice-qui-sont-les-invites-de-la-finale-diffusee-ce-samedi-3-mai-sur-tf1\/\" data-api-deeplink=\"teleloisirs:\/\/news\/377835\" target=\"_blank\" rel=\"noopener\">Mega, Gianni, Micka\u00ebl Gallo et le trio Il Cello<\/a> vont se disputer la finale de<a href=\"https:\/\/www.programme-tv.net\/news\/tv\/366653-the-voice-2025-retour-de-florent-pagny-nouveaux-coachs-epreuve-inedite-ce-que-l-on-sait-sur-la-saison-14\/\" data-api-deeplink=\"teleloisirs:\/\/news\/366653\" target=\"_blank\" rel=\"noopener\"> la saison 14 de The Voice <\/a>sur TF1. Parmi les finalistes, le talent de l&rsquo;\u00e9quipe de Vianney a fait beaucoup de bruit sur les r\u00e9seaux sociaux. Lors de la demi-finale, le coach a choisi la voix puissante de Mega face \u00e0 Kilonga et Iman. \u00ab\u00a0Tu t&rsquo;es pris une taule aux auditions \u00e0 l&rsquo;aveugle,<a href=\"https:\/\/www.programme-tv.net\/news\/tv\/370381-pas-vu-a-la-tele-dans-the-voice-2025-vianney-a-ete-victime-d-un-probleme-technique-lors-de-l-audition-a-l-aveugle-de-mega\/\" data-api-deeplink=\"teleloisirs:\/\/news\/370381\" target=\"_blank\" rel=\"noopener\"> je t&rsquo;ai donn\u00e9 une deuxi\u00e8me chance<\/a>, aujourd&rsquo;hui ce n&rsquo;est pas le m\u00eame chanteur\u00a0\u00bb, a comment\u00e9 Vianney apr\u00e8s la prestation du candidat sur Quand on n&rsquo;a que l&rsquo;amour de Jacques Brel. Un choix critiqu\u00e9 par certains t\u00e9l\u00e9spectateurs. Aupr\u00e8s de T\u00e9l\u00e9-Loisirs, Mega revient sur cette vague de haine apr\u00e8s sa victoire en demi-finale.<\/p>\n<p>Mega (The Voice) r\u00e9pond aux critiques \u00e0 son sujet sur les r\u00e9seaux sociaux<\/p>\n<p>La prestation de Mega lors de la demi-finale de The Voice sur TF1 n&rsquo;a pas convaincu tout le monde. \u00ab\u00a0Comme \u00e7a fait d\u00e9j\u00e0 pas mal de temps que je suis sur les r\u00e9seaux sociaux et que je connais ce monde-l\u00e0, je sais que dans la vie de toute fa\u00e7on, <b>on ne peut pas plaire \u00e0 tout le monde<\/b>\u00a0\u00bb r\u00e9agit le finaliste dans une interview accord\u00e9e \u00e0 T\u00e9l\u00e9-Loisirs. \u00ab\u00a0Les critiques ou les avis constructifs, il faut prendre le bien et le mauvais et s&rsquo;en servir pour devenir meilleur. J&rsquo;arrive \u00e0 prendre le recul n\u00e9cessaire\u00a0\u00bb, affirme le talent de Vianney avant de rassurer sur son \u00e9tat d&rsquo;esprit face aux commentaires haineux : \u00ab\u00a0Je suis tr\u00e8s bien encadr\u00e9, j&rsquo;ai une tr\u00e8s bonne \u00e9quipe qui me dit que \u00e7a fait partie du jeu. <b>Il ne faut pas que je porte d&rsquo;importance aux mauvais commentaires<\/b> et que je continue ma route.\u00a0\u00bb<\/p>\n<p>                        The Voice : Mega se confie sur les moments difficiles de son aventure<\/p>\n<p>L&rsquo;aventure The Voice n&rsquo;a pas toujours \u00e9t\u00e9 rose pour Mega. Recal\u00e9 aux auditions \u00e0 l&rsquo;aveugle, il a eu droit \u00e0 une seconde chance et a finalement s\u00e9duit Vianney. \u00ab\u00a0Le d\u00e9but de l&rsquo;\u00e9mission, ce n&rsquo;est pas difficile mais un peu plus compliqu\u00e9\u00a0\u00bb, confie le finaliste de The Voice sur son \u00e9chec aux auditions \u00e0 l&rsquo;aveugle, un moment difficile pour lui, avant d&rsquo;ajouter : \u00ab\u00a0\u00c7a remet en question, \u00e0 mon jeune \u00e2ge (23 ans, ndlr) je pensais que la vie \u00e9tait plus rose que \u00e7a et au final <b>\u00e7a remet en question et \u00e7a permet de s&rsquo;am\u00e9liorer<\/b>.\u00a0\u00bb Finalement, Mega aura r\u00e9ussi \u00e0 prendre sa revanche&#8230;<\/p>\n","protected":false},"excerpt":{"rendered":"Pour la finale de The Voice 2025, Vianney sera repr\u00e9sent\u00e9 par Mega. Un choix remis en question par&hellip;\n","protected":false},"author":2,"featured_media":64848,"comment_status":"","ping_status":"","sticky":false,"template":"","format":"standard","meta":{"footnotes":""},"categories":[1356],"tags":[1111,244,58,59,1011,27,2173,8525,16431,252,199,3074,5251,1364,8475,9989],"class_list":{"0":"post-64847","1":"post","2":"type-post","3":"status-publish","4":"format-standard","5":"has-post-thumbnail","7":"category-television","8":"tag-actu","9":"tag-commentaire","10":"tag-divertissement","11":"tag-entertainment","12":"tag-fr","13":"tag-france","14":"tag-interview","15":"tag-la-plus-belle-voix","16":"tag-ru00e9dac","17":"tag-television","18":"tag-tf1","19":"tag-the-voice","20":"tag-tu00e9lu00e9-loisirs","21":"tag-tv","22":"tag-vianney","23":"tag-wochit"},"share_on_mastodon":{"url":"https:\/\/pubeurope.com\/@fr\/114427991360330532","error":""},"_links":{"self":[{"href":"https:\/\/www.europesays.com\/fr\/wp-json\/wp\/v2\/posts\/64847","targetHints":{"allow":["GET"]}}],"collection":[{"href":"https:\/\/www.europesays.com\/fr\/wp-json\/wp\/v2\/posts"}],"about":[{"href":"https:\/\/www.europesays.com\/fr\/wp-json\/wp\/v2\/types\/post"}],"author":[{"embeddable":true,"href":"https:\/\/www.europesays.com\/fr\/wp-json\/wp\/v2\/users\/2"}],"replies":[{"embeddable":true,"href":"https:\/\/www.europesays.com\/fr\/wp-json\/wp\/v2\/comments?post=64847"}],"version-history":[{"count":0,"href":"https:\/\/www.europesays.com\/fr\/wp-json\/wp\/v2\/posts\/64847\/revisions"}],"wp:featuredmedia":[{"embeddable":true,"href":"https:\/\/www.europesays.com\/fr\/wp-json\/wp\/v2\/media\/64848"}],"wp:attachment":[{"href":"https:\/\/www.europesays.com\/fr\/wp-json\/wp\/v2\/media?parent=64847"}],"wp:term":[{"taxonomy":"category","embeddable":true,"href":"https:\/\/www.europesays.com\/fr\/wp-json\/wp\/v2\/categories?post=64847"},{"taxonomy":"post_tag","embeddable":true,"href":"https:\/\/www.europesays.com\/fr\/wp-json\/wp\/v2\/tags?post=64847"}],"curies":[{"name":"wp","href":"https:\/\/api.w.org\/{rel}","templated":true}]}}