{"id":648501,"date":"2026-01-08T03:09:12","date_gmt":"2026-01-08T03:09:12","guid":{"rendered":"https:\/\/www.europesays.com\/fr\/648501\/"},"modified":"2026-01-08T03:09:12","modified_gmt":"2026-01-08T03:09:12","slug":"adrien-caron-monte-sur-le-podium-au-cyclo-cross-de-cret-de-roc-2","status":"publish","type":"post","link":"https:\/\/www.europesays.com\/fr\/648501\/","title":{"rendered":"Adrien Caron monte sur le podium au cyclo-cross de Cr\u00eat de Roc"},"content":{"rendered":"<p>Organis\u00e9 ce dimanche 4 janvier par l&rsquo;Espoir Cycliste de Saint-\u00c9tienne Loire (ECSEL) ce cyclo-cross urbain r\u00e9put\u00e9 et disput\u00e9 sur les hauteurs de la cit\u00e9 st\u00e9phanoise, a r\u00e9uni exclusivement les jeunes cat\u00e9gories jusqu&rsquo;\u00e0 U15.<\/p>\n<p>En deuxi\u00e8me ligne sur la grille parmi les quinze partants U11 (pupilles) et pris dans le flot lors du d\u00e9part, Adrien est rapidement remont\u00e9 lors de la premi\u00e8re moiti\u00e9 du premier tour pour venir se positionner quatri\u00e8me, puis troisi\u00e8me. Il conservera cette position jusqu&rsquo;\u00e0 l&rsquo;arriv\u00e9e en se montrant m\u00e9ritant, confront\u00e9 pendant pr\u00e8s d&rsquo;un quart d\u2019heure \u00e0 une rude concurrence et \u00e0 un froid polaire.<\/p>\n<p>Il r\u00e9\u00e9dite la m\u00eame performance que dimanche dernier \u00e0 la base nautique de Saint-Victor sur Loire (42), o\u00f9 sous un temps froid et humide et malgr\u00e9 un d\u00e9part difficile, il a r\u00e9ussi \u00e0 se hisser sur la troisi\u00e8me marche.<\/p>\n<p class=\"s-title4\">Cyclo-cross de Saulon la Chapelle (21)<\/p>\n<p>Pour son tout premier cyclo-cross de 2026 couru le vendredi 2 janvier sous un froid glacial, l\u2019inusable J\u00e9r\u00f4me Vacher a termin\u00e9 6e des plus de 50 ans.<\/p>\n","protected":false},"excerpt":{"rendered":"Organis\u00e9 ce dimanche 4 janvier par l&rsquo;Espoir Cycliste de Saint-\u00c9tienne Loire (ECSEL) ce cyclo-cross urbain r\u00e9put\u00e9 et disput\u00e9&hellip;\n","protected":false},"author":2,"featured_media":646879,"comment_status":"","ping_status":"","sticky":false,"template":"","format":"standard","meta":{"footnotes":""},"categories":[9653],"tags":[1111,11,2430,1777,674,1011,27,12,25,4001],"class_list":{"0":"post-648501","1":"post","2":"type-post","3":"status-publish","4":"format-standard","5":"has-post-thumbnail","7":"category-saint-etienne","8":"tag-actu","9":"tag-actualites","10":"tag-auvergne-rhone-alpes","11":"tag-eu","12":"tag-europe","13":"tag-fr","14":"tag-france","15":"tag-news","16":"tag-republique-francaise","17":"tag-saint-etienne"},"share_on_mastodon":{"url":"https:\/\/pubeurope.com\/@fr\/115857284362067977","error":""},"_links":{"self":[{"href":"https:\/\/www.europesays.com\/fr\/wp-json\/wp\/v2\/posts\/648501","targetHints":{"allow":["GET"]}}],"collection":[{"href":"https:\/\/www.europesays.com\/fr\/wp-json\/wp\/v2\/posts"}],"about":[{"href":"https:\/\/www.europesays.com\/fr\/wp-json\/wp\/v2\/types\/post"}],"author":[{"embeddable":true,"href":"https:\/\/www.europesays.com\/fr\/wp-json\/wp\/v2\/users\/2"}],"replies":[{"embeddable":true,"href":"https:\/\/www.europesays.com\/fr\/wp-json\/wp\/v2\/comments?post=648501"}],"version-history":[{"count":0,"href":"https:\/\/www.europesays.com\/fr\/wp-json\/wp\/v2\/posts\/648501\/revisions"}],"wp:featuredmedia":[{"embeddable":true,"href":"https:\/\/www.europesays.com\/fr\/wp-json\/wp\/v2\/media\/646879"}],"wp:attachment":[{"href":"https:\/\/www.europesays.com\/fr\/wp-json\/wp\/v2\/media?parent=648501"}],"wp:term":[{"taxonomy":"category","embeddable":true,"href":"https:\/\/www.europesays.com\/fr\/wp-json\/wp\/v2\/categories?post=648501"},{"taxonomy":"post_tag","embeddable":true,"href":"https:\/\/www.europesays.com\/fr\/wp-json\/wp\/v2\/tags?post=648501"}],"curies":[{"name":"wp","href":"https:\/\/api.w.org\/{rel}","templated":true}]}}