{"id":648502,"date":"2026-01-08T03:10:17","date_gmt":"2026-01-08T03:10:17","guid":{"rendered":"https:\/\/www.europesays.com\/fr\/648502\/"},"modified":"2026-01-08T03:10:17","modified_gmt":"2026-01-08T03:10:17","slug":"saint-etienne-de-cuines-portes-ouvertes-a-la-caserne-des-sapeurs-pompiers-ce-samedi","status":"publish","type":"post","link":"https:\/\/www.europesays.com\/fr\/648502\/","title":{"rendered":"Saint-\u00c9tienne-de-Cuines. Portes ouvertes \u00e0 la caserne des sapeurs-pompiers ce samedi"},"content":{"rendered":"<p>Le samedi 10\u00a0janvier, l\u2019amicale des sapeurs-pompiers de Saint-\u00c9tienne-de-Cuines ouvre les portes de la caserne, d\u00e8s 9 heures, pour faire d\u00e9couvrir les mat\u00e9riels utilis\u00e9s lors de ses diff\u00e9rentes interventions.<\/p>\n<p>Elle propose \u00e9galement une vente de pains cuits dans le four r\u00e9cemment r\u00e9nov\u00e9, la remise du calendrier accompagn\u00e9 du traditionnel verre de l\u2019amiti\u00e9.<\/p>\n","protected":false},"excerpt":{"rendered":"Le samedi 10\u00a0janvier, l\u2019amicale des sapeurs-pompiers de Saint-\u00c9tienne-de-Cuines ouvre les portes de la caserne, d\u00e8s 9 heures, pour&hellip;\n","protected":false},"author":2,"featured_media":648503,"comment_status":"","ping_status":"","sticky":false,"template":"","format":"standard","meta":{"footnotes":""},"categories":[9653],"tags":[1111,11,2430,7003,1777,674,1011,27,28020,12,25,4001,28366,104,1631],"class_list":{"0":"post-648502","1":"post","2":"type-post","3":"status-publish","4":"format-standard","5":"has-post-thumbnail","7":"category-saint-etienne","8":"tag-actu","9":"tag-actualites","10":"tag-auvergne-rhone-alpes","11":"tag-edition-tarentaise-maurienne","12":"tag-eu","13":"tag-europe","14":"tag-fr","15":"tag-france","16":"tag-maurienne","17":"tag-news","18":"tag-republique-francaise","19":"tag-saint-etienne","20":"tag-saint-etienne-de-cuines","21":"tag-societe","22":"tag-vie-associative"},"share_on_mastodon":{"url":"https:\/\/pubeurope.com\/@fr\/115857288219577712","error":""},"_links":{"self":[{"href":"https:\/\/www.europesays.com\/fr\/wp-json\/wp\/v2\/posts\/648502","targetHints":{"allow":["GET"]}}],"collection":[{"href":"https:\/\/www.europesays.com\/fr\/wp-json\/wp\/v2\/posts"}],"about":[{"href":"https:\/\/www.europesays.com\/fr\/wp-json\/wp\/v2\/types\/post"}],"author":[{"embeddable":true,"href":"https:\/\/www.europesays.com\/fr\/wp-json\/wp\/v2\/users\/2"}],"replies":[{"embeddable":true,"href":"https:\/\/www.europesays.com\/fr\/wp-json\/wp\/v2\/comments?post=648502"}],"version-history":[{"count":0,"href":"https:\/\/www.europesays.com\/fr\/wp-json\/wp\/v2\/posts\/648502\/revisions"}],"wp:featuredmedia":[{"embeddable":true,"href":"https:\/\/www.europesays.com\/fr\/wp-json\/wp\/v2\/media\/648503"}],"wp:attachment":[{"href":"https:\/\/www.europesays.com\/fr\/wp-json\/wp\/v2\/media?parent=648502"}],"wp:term":[{"taxonomy":"category","embeddable":true,"href":"https:\/\/www.europesays.com\/fr\/wp-json\/wp\/v2\/categories?post=648502"},{"taxonomy":"post_tag","embeddable":true,"href":"https:\/\/www.europesays.com\/fr\/wp-json\/wp\/v2\/tags?post=648502"}],"curies":[{"name":"wp","href":"https:\/\/api.w.org\/{rel}","templated":true}]}}