{"id":648504,"date":"2026-01-08T03:13:20","date_gmt":"2026-01-08T03:13:20","guid":{"rendered":"https:\/\/www.europesays.com\/fr\/648504\/"},"modified":"2026-01-08T03:13:20","modified_gmt":"2026-01-08T03:13:20","slug":"site-officiel-de-las-nancy-lorraine-37","status":"publish","type":"post","link":"https:\/\/www.europesays.com\/fr\/648504\/","title":{"rendered":"Site officiel de l&rsquo;AS Nancy Lorraine"},"content":{"rendered":"<p>\t\t<a href=\"https:\/\/www.asnl.net\/\" class=\"page__contenu--outils-retour\" target=\"_blank\" rel=\"noopener\">Retour<\/a><\/p>\n<p>&#13;<br \/>\n\t\t\t\t\t\t\tArticles\u00a0\u00b7&#13;<br \/>\n\t\t\t\t\t\t07\/01\/2026 \u00e0 13:00\t\t<\/p>\n<p>&#13;<br \/>\n\t\t\t07\/01\/2026 \u2022 13:00\t\t<\/p>\n<p>\t\t\t\t<a href=\"https:\/\/www.asnl.net\/upload\/images\/modules\/actualites\/dsc_7941.jpg\" rel=\"lightbox[article] noopener\" title=\"\" target=\"_blank\">&#13;<br \/>\n\t\t\t\t\t<img decoding=\"async\" src=\"https:\/\/www.europesays.com\/fr\/wp-content\/uploads\/2026\/01\/dsc_7941_w1005_h0_r1_q90.jpg\" alt=\"\"\/>&#13;<br \/>\n\t\t\t\t\t\t\t\t\t<\/a><\/p>\n<p>\t\t\t\t\t\tLES MATCHS DU MOIS<\/p>\n<p class=\"fleche_gauche\"><strong>Grenoble &#8211; Nancy :<\/strong>\u00a01-0\u00a0<\/p>\n<p class=\"fleche_gauche\"><strong>Nancy &#8211; Clermont :<\/strong>\u00a01-0 (but: Gelin)\u00a0<\/p>\n<p class=\"fleche_gauche\"><strong>Grenoble &#8211; Nancy :<\/strong>\u00a03-5 (tab)<\/p>\n<p>\u00a0<\/p>\n<p>Le Chardon du mois vous est pr\u00e9sent\u00e9 par la soci\u00e9t\u00e9 Helio Services.<\/p>\n<p>\u00a0<\/p>\n<p><strong><strong><a href=\"https:\/\/forms.gle\/ZhubjzaPRQhjb1V49\" target=\"_blank\" rel=\"noopener\">Votez pour votre chardon du mois<\/a><\/strong><br \/><\/strong><\/p>\n<p>\u00a0<\/p>\n<p><strong>\u00a0<\/strong><\/p>\n","protected":false},"excerpt":{"rendered":"Retour &#13; Articles\u00a0\u00b7&#13; 07\/01\/2026 \u00e0 13:00 &#13; 07\/01\/2026 \u2022 13:00 &#13; &#13; LES MATCHS DU MOIS Grenoble &#8211;&hellip;\n","protected":false},"author":2,"featured_media":32816,"comment_status":"","ping_status":"","sticky":false,"template":"","format":"standard","meta":{"footnotes":""},"categories":[9635],"tags":[1111,11,1777,674,1011,27,775,1702,12,25],"class_list":{"0":"post-648504","1":"post","2":"type-post","3":"status-publish","4":"format-standard","5":"has-post-thumbnail","7":"category-nancy","8":"tag-actu","9":"tag-actualites","10":"tag-eu","11":"tag-europe","12":"tag-fr","13":"tag-france","14":"tag-grand-est","15":"tag-nancy","16":"tag-news","17":"tag-republique-francaise"},"share_on_mastodon":{"url":"https:\/\/pubeurope.com\/@fr\/115857300100085729","error":""},"_links":{"self":[{"href":"https:\/\/www.europesays.com\/fr\/wp-json\/wp\/v2\/posts\/648504","targetHints":{"allow":["GET"]}}],"collection":[{"href":"https:\/\/www.europesays.com\/fr\/wp-json\/wp\/v2\/posts"}],"about":[{"href":"https:\/\/www.europesays.com\/fr\/wp-json\/wp\/v2\/types\/post"}],"author":[{"embeddable":true,"href":"https:\/\/www.europesays.com\/fr\/wp-json\/wp\/v2\/users\/2"}],"replies":[{"embeddable":true,"href":"https:\/\/www.europesays.com\/fr\/wp-json\/wp\/v2\/comments?post=648504"}],"version-history":[{"count":0,"href":"https:\/\/www.europesays.com\/fr\/wp-json\/wp\/v2\/posts\/648504\/revisions"}],"wp:featuredmedia":[{"embeddable":true,"href":"https:\/\/www.europesays.com\/fr\/wp-json\/wp\/v2\/media\/32816"}],"wp:attachment":[{"href":"https:\/\/www.europesays.com\/fr\/wp-json\/wp\/v2\/media?parent=648504"}],"wp:term":[{"taxonomy":"category","embeddable":true,"href":"https:\/\/www.europesays.com\/fr\/wp-json\/wp\/v2\/categories?post=648504"},{"taxonomy":"post_tag","embeddable":true,"href":"https:\/\/www.europesays.com\/fr\/wp-json\/wp\/v2\/tags?post=648504"}],"curies":[{"name":"wp","href":"https:\/\/api.w.org\/{rel}","templated":true}]}}