{"id":648510,"date":"2026-01-08T03:20:16","date_gmt":"2026-01-08T03:20:16","guid":{"rendered":"https:\/\/www.europesays.com\/fr\/648510\/"},"modified":"2026-01-08T03:20:16","modified_gmt":"2026-01-08T03:20:16","slug":"elimines-aux-penaltys-par-rouen-les-pionniers-ne-verront-pas-la-finale-de-la-coupe-de-france","status":"publish","type":"post","link":"https:\/\/www.europesays.com\/fr\/648510\/","title":{"rendered":"\u00e9limin\u00e9s aux p\u00e9naltys par Rouen, les Pionniers ne verront pas la finale de la coupe de France"},"content":{"rendered":"<p>\t\t\t\t\t\t\t\t\t\t\t<img decoding=\"async\" src=\"https:\/\/www.odsradio.com\/media\/news\/thumb\/1280x720_chamonix-elimines-aux-penaltys-par-rouen-les-pionniers-ne-verront-pas-la-finale-de-la-coupe-de-france_695ed5245d897.webp\" alt=\"Chamonix : \u00e9limin\u00e9s aux p\u00e9naltys par Rouen, les Pionniers ne verront pas la finale de la coupe de France\" title=\"Chamonix : \u00e9limin\u00e9s aux p\u00e9naltys par Rouen, les Pionniers ne verront pas la finale de la coupe de France\" width=\"1280\" height=\"720\" class=\"img-fluid  mb-3\" loading=\"lazy\"\/>\t\t\t\t\t\t\t\t\t\t\t\t<\/p>\n<p>Image d&rsquo;illustration. @Alexandre Juillet<\/p>\n<p itemprop=\"description\"><strong>Mercredi 7 janvier 2026, les Pionniers se sont inclin\u00e9s apr\u00e8s une demi-finale tr\u00e8s serr\u00e9e, poussant les Normands dans leurs derniers retranchements.<\/strong><\/p>\n<p>Les Hauts-Savoyards ont longtemps cru \u00e0 la qualification en finale de la Coupe de France.<br \/>Apr\u00e8s avoir men\u00e9 2-0, puis 3-2, les Pionniers ont \u00e9t\u00e9 repris par Rouen dans la derni\u00e8re p\u00e9riode.<br data-is-only-node=\"\"\/>Aucune des deux \u00e9quipes n\u2019a marqu\u00e9 durant les prolongations et, finalement, les Normands ont remport\u00e9 la s\u00e9ance de p\u00e9nalty (2-1).<\/p>\n","protected":false},"excerpt":{"rendered":"Image d&rsquo;illustration. @Alexandre Juillet Mercredi 7 janvier 2026, les Pionniers se sont inclin\u00e9s apr\u00e8s une demi-finale tr\u00e8s serr\u00e9e,&hellip;\n","protected":false},"author":2,"featured_media":648511,"comment_status":"","ping_status":"","sticky":false,"template":"","format":"standard","meta":{"footnotes":""},"categories":[9587],"tags":[1111,68173,11,68174,68175,68172,3853,650,7734,2889,2263,1777,674,68177,1011,27,4638,68176,6417,1114,68179,12,5161,68170,7732,3725,1825,68169,68171,25,9590,5508,68178,68180],"class_list":{"0":"post-648510","1":"post","2":"type-post","3":"status-publish","4":"format-standard","5":"has-post-thumbnail","7":"category-rouen","8":"tag-actu","9":"tag-actualite-savoie","10":"tag-actualites","11":"tag-actualites-alpes","12":"tag-actualites-annecy","13":"tag-actualites-haute-savoie","14":"tag-annecy","15":"tag-cinema","16":"tag-ecoute","17":"tag-emission","18":"tag-equipe","19":"tag-eu","20":"tag-europe","21":"tag-evenements-annecy","22":"tag-fr","23":"tag-france","24":"tag-haute-savoie","25":"tag-info-annecy","26":"tag-information","27":"tag-infos","28":"tag-meteo-annecy","29":"tag-news","30":"tag-normandie","31":"tag-ods-annecy","32":"tag-odsradio","33":"tag-podcast","34":"tag-radio","35":"tag-radio-annecy","36":"tag-radio-haute-savoie","37":"tag-republique-francaise","38":"tag-rouen","39":"tag-savoie","40":"tag-sorties-annecy","41":"tag-trafic-annecy"},"share_on_mastodon":{"url":"","error":"Validation failed: Text character limit of 500 exceeded"},"_links":{"self":[{"href":"https:\/\/www.europesays.com\/fr\/wp-json\/wp\/v2\/posts\/648510","targetHints":{"allow":["GET"]}}],"collection":[{"href":"https:\/\/www.europesays.com\/fr\/wp-json\/wp\/v2\/posts"}],"about":[{"href":"https:\/\/www.europesays.com\/fr\/wp-json\/wp\/v2\/types\/post"}],"author":[{"embeddable":true,"href":"https:\/\/www.europesays.com\/fr\/wp-json\/wp\/v2\/users\/2"}],"replies":[{"embeddable":true,"href":"https:\/\/www.europesays.com\/fr\/wp-json\/wp\/v2\/comments?post=648510"}],"version-history":[{"count":0,"href":"https:\/\/www.europesays.com\/fr\/wp-json\/wp\/v2\/posts\/648510\/revisions"}],"wp:featuredmedia":[{"embeddable":true,"href":"https:\/\/www.europesays.com\/fr\/wp-json\/wp\/v2\/media\/648511"}],"wp:attachment":[{"href":"https:\/\/www.europesays.com\/fr\/wp-json\/wp\/v2\/media?parent=648510"}],"wp:term":[{"taxonomy":"category","embeddable":true,"href":"https:\/\/www.europesays.com\/fr\/wp-json\/wp\/v2\/categories?post=648510"},{"taxonomy":"post_tag","embeddable":true,"href":"https:\/\/www.europesays.com\/fr\/wp-json\/wp\/v2\/tags?post=648510"}],"curies":[{"name":"wp","href":"https:\/\/api.w.org\/{rel}","templated":true}]}}