{"id":648512,"date":"2026-01-08T03:21:14","date_gmt":"2026-01-08T03:21:14","guid":{"rendered":"https:\/\/www.europesays.com\/fr\/648512\/"},"modified":"2026-01-08T03:21:14","modified_gmt":"2026-01-08T03:21:14","slug":"coupe-de-france-la-finale-opposera-grenoble-a-rouen","status":"publish","type":"post","link":"https:\/\/www.europesays.com\/fr\/648512\/","title":{"rendered":"COUPE DE FRANCE &#8211; La finale opposera Grenoble \u00e0 Rouen"},"content":{"rendered":"<p><strong>Coupe de France 2025\/26<\/strong><\/p>\n<p>\u00c0 0-5 peu apr\u00e8s la mi-match, la messe \u00e9tait dite. La belle surprise de cette \u00e9dition, Caen, n\u2019a jamais pu contester la sup\u00e9riorit\u00e9 des champions de France. Grenoble a ensuite un peu desserr\u00e9 l\u2019\u00e9treinte et les Caennais ont alors pu revenir dans le match. On retiendra les deux buts de l\u2019ex-Soleurois et Ajoulot <strong>Fran\u00e7ois Beauchemin <\/strong>et que le powerplay grenoblois a fait mal avec trois r\u00e9ussites.<\/p>\n<p>De son c\u00f4t\u00e9, Rouen aura su\u00e9 pour atteindre le dernier stade de la comp\u00e9tition. Apr\u00e8s s\u2019\u00eatre impos\u00e9 0-1 \u00e0 Angers (le tenant du troph\u00e9e) en quarts de finale, il a fallu aller aux tirs au but pour obtenir le ticket pour la finale. Chamonix menait pourtant 0-2 gr\u00e2ce \u00e0 un doubl\u00e9 de <strong>Tim Wahlgren<\/strong>, puis 2-3, mais <strong>Chase Gresock<\/strong> \u00e9galisait \u00e0 la 45e minute. Pas d\u2019autres buts, penalties et\u2026 deux r\u00e9ussites contre une seule en faveur des Dragons. Ces derniers tenteront de remporter leur premi\u00e8re Coupe depuis 2016, Grenoble ayant \u00e9t\u00e9 honor\u00e9 en 2024.<\/p>\n<p><strong>Mardi 6 \/ Mercredi 7 janvier 2026<\/strong><\/p>\n<p><strong>DEMI-FINALE<\/strong><br \/>Caen \u2013 <strong>Grenoble<\/strong>: 3-6<br \/><strong>Rouen <\/strong>\u2013 Chamonix: 4-3 SO<\/p>\n<p><strong>Mardi 16 \/ Mercredi 17 d\u00e9cembre 2025<\/strong><\/p>\n<p><strong>QUARTS DE FINALE<\/strong><\/p>\n<p>Angers \u2013 <strong>Rouen<\/strong>: 0-1<br \/>Lyon \u2013 <strong>Caen<\/strong>: 3-4 OT<br \/><strong>Grenoble <\/strong>\u2013 Bordeaux: 5-1<br \/>Marseille \u2013 <strong>Chamonix<\/strong>: 4-6<\/p>\n<p>(Source: hockeyfrance.com)<\/p>\n<p><strong>Mardi 25 \/ Mercredi 26 novembre 2025<\/strong><\/p>\n<p><strong>HUITI\u00c8MES DE FINALE<\/strong><\/p>\n<p>Gap \u2013<strong> Chamonix<\/strong> : 3-4<br \/>Valenciennes \u2013 <strong>Angers<\/strong> : 3-4<br \/>Anglet \u2013 <strong>Rouen <\/strong>: 2-8<br \/><strong>Caen<\/strong> \u2013 Amiens : 2-1 SO<br \/><strong>Lyon<\/strong> \u2013 Brian\u00e7on : 5-3<br \/>\u00c9pinal \u2013 <strong>Grenoble<\/strong> : 0-3<br \/>Reims \u2013 <strong>Bordeaux <\/strong>: 2-12<br \/>Strasbourg \u2013 <strong>Marseille<\/strong> : 0-4<\/p>\n<p><strong>Mercredi 22 octobre 2025<\/strong><\/p>\n<p><strong>Valenciennes <\/strong>\u2013 Meudon: 3-2 OT<br \/>Toulouse \u2013 <strong>Anglet<\/strong>: 2-4<br \/>Morzine \u2013 <strong>Gap<\/strong>: 2-4<br \/>Neuilly \u2013 <strong>Strasbourg<\/strong>: 3-4<br \/><strong>Caen<\/strong> \u2013 Tours: 4-2<\/p>\n<p><strong>Mardi 21 octobre 2025<\/strong><\/p>\n<p>Villard \u2013 <strong>Chamonix<\/strong> : 3-10<br \/><strong>Amiens<\/strong> \u2013 Cergy-Pontoise : 3-2<br \/>Evry \u2013 <strong>Epinal<\/strong> : 3-7<br \/><strong>Brian\u00e7on<\/strong> \u2013 Nice : 5-2<br \/>Brest Albatros Hockey \u2013 <strong>Angers<\/strong> : 0-7<br \/>Clermont \u2013 <strong>Bordeaux<\/strong> : 1-9<br \/>Dijon \u2013 <strong>Lyon<\/strong> : 0-9<br \/>Dunkerque \u2013 <strong>Rouen<\/strong> : 2-8<br \/>Mont Blanc \u2013 <strong>Grenoble<\/strong> : 2-10<\/p>\n<p><strong>Mardi 30 septembre 2025<\/strong><\/p>\n<p>Annecy \u2013 <strong>Strasbourg<\/strong> : 1-4<\/p>\n<p><strong>Samedi 27 septembre 2025<\/strong><\/p>\n<p>Compi\u00e8gne \u2013 <strong>Dunkerque<\/strong> : 1-11<br \/>Valence \u2013 <strong>Villard<\/strong> : 3-9<br \/><strong>Tours<\/strong> \u2013 Nantes : 4-0<br \/>Cholet \u2013 <strong>Caen<\/strong> : 3-4 pen<br \/>Courbevoie \u2013 <strong>Neuilly\/Marne<\/strong> : 0-9<br \/><strong>Lyon<\/strong> \u2013 Chamb\u00e9ry : 6-4<br \/>Orl\u00e9ans \u2013 <strong>Reims<\/strong> : 3-7<br \/>Montpellier \u2013 <strong>Mont Blanc<\/strong> : 1-2<br \/>Fran\u00e7ais Volants \u2013 <strong>Valenciennes<\/strong> : 0-10<br \/>Chalons \u2013 <strong>Evry<\/strong> : 7-8<br \/>Champigny \u2013 <strong>Meudon<\/strong> : 0-8<br \/>La Roche-sur-Yon \u2013 <strong>Brest Albatros Hockey<\/strong> : 2-3 OT<br \/>Mulhouse \u2013 <strong>Epinal<\/strong> : 1-5<\/p>\n","protected":false},"excerpt":{"rendered":"Coupe de France 2025\/26 \u00c0 0-5 peu apr\u00e8s la mi-match, la messe \u00e9tait dite. La belle surprise de&hellip;\n","protected":false},"author":2,"featured_media":647258,"comment_status":"","ping_status":"","sticky":false,"template":"","format":"standard","meta":{"footnotes":""},"categories":[9566],"tags":[1111,11,2430,83,1777,674,1011,27,2731,12,25,75272],"class_list":{"0":"post-648512","1":"post","2":"type-post","3":"status-publish","4":"format-standard","5":"has-post-thumbnail","7":"category-grenoble","8":"tag-actu","9":"tag-actualites","10":"tag-auvergne-rhone-alpes","11":"tag-coupe-de-france","12":"tag-eu","13":"tag-europe","14":"tag-fr","15":"tag-france","16":"tag-grenoble","17":"tag-news","18":"tag-republique-francaise","19":"tag-resultats-classements-coupe-de-france"},"share_on_mastodon":{"url":"https:\/\/pubeurope.com\/@fr\/115857331704117051","error":""},"_links":{"self":[{"href":"https:\/\/www.europesays.com\/fr\/wp-json\/wp\/v2\/posts\/648512","targetHints":{"allow":["GET"]}}],"collection":[{"href":"https:\/\/www.europesays.com\/fr\/wp-json\/wp\/v2\/posts"}],"about":[{"href":"https:\/\/www.europesays.com\/fr\/wp-json\/wp\/v2\/types\/post"}],"author":[{"embeddable":true,"href":"https:\/\/www.europesays.com\/fr\/wp-json\/wp\/v2\/users\/2"}],"replies":[{"embeddable":true,"href":"https:\/\/www.europesays.com\/fr\/wp-json\/wp\/v2\/comments?post=648512"}],"version-history":[{"count":0,"href":"https:\/\/www.europesays.com\/fr\/wp-json\/wp\/v2\/posts\/648512\/revisions"}],"wp:featuredmedia":[{"embeddable":true,"href":"https:\/\/www.europesays.com\/fr\/wp-json\/wp\/v2\/media\/647258"}],"wp:attachment":[{"href":"https:\/\/www.europesays.com\/fr\/wp-json\/wp\/v2\/media?parent=648512"}],"wp:term":[{"taxonomy":"category","embeddable":true,"href":"https:\/\/www.europesays.com\/fr\/wp-json\/wp\/v2\/categories?post=648512"},{"taxonomy":"post_tag","embeddable":true,"href":"https:\/\/www.europesays.com\/fr\/wp-json\/wp\/v2\/tags?post=648512"}],"curies":[{"name":"wp","href":"https:\/\/api.w.org\/{rel}","templated":true}]}}