{"id":648513,"date":"2026-01-08T03:22:41","date_gmt":"2026-01-08T03:22:41","guid":{"rendered":"https:\/\/www.europesays.com\/fr\/648513\/"},"modified":"2026-01-08T03:22:41","modified_gmt":"2026-01-08T03:22:41","slug":"cdf-demi-grenoble-file-en-finale","status":"publish","type":"post","link":"https:\/\/www.europesays.com\/fr\/648513\/","title":{"rendered":"CDF &#8211; Demi. Grenoble file en finale !"},"content":{"rendered":"<p>\u00a0<\/p>\n<p class=\"chapeau\"><strong>La marche aura \u00e9t\u00e9 trop haute pour Caen qui s\u2019incline sur le score de 6-3 face \u00e0 Grenoble. Les Grenoblois s\u2019offrent une place en finale de Coupe de France \u00e0 l\u2019Accor Arena pour la quatri\u00e8me fois cons\u00e9cutive !<\/strong><\/p>\n<p style=\"text-align: right\"><strong>Cr\u00e9dit photo : Fabien Baldino<\/strong><\/p>\n<p>Dernier pensionnaire de D1, Caen \u00e9choue \u00e0 la porte de la finale en s\u2019inclinant 6-3 contre des Grenoblois qui auront confirm\u00e9 leur statut de favori. Apr\u00e8s cinq minutes de jeu, Andrius Kulbis-Marino ouvre le score en faveur de Grenoble dans un angle tr\u00e8s ferm\u00e9. Les Br\u00fbleurs de Loups doublent la mise lors de la premi\u00e8re occasion en powerplay avec Fran\u00e7ois Beauchemin. Dans le second acte, Christophe Boivin vient \u00e9largir le score une nouvelle fois en sup\u00e9riorit\u00e9 num\u00e9rique. Ensuite, les Is\u00e9rois confirment leur domination en menant de cinq buts \u00e0 la mi-match gr\u00e2ce au deuxi\u00e8me but de Fran\u00e7ois Beauchemin et la r\u00e9alisation d\u2019Adel Koudri. Mais les Drakkars vont r\u00e9agir en marquant leur premier but par le biais de Marc-Antoine Pepin en powerplay. Une minute plus tard, c\u2019est Samy Pare qui se charge de r\u00e9duire le score \u00e0 trois unit\u00e9s d\u2019un rebond. Les co\u00e9quipiers de Sacha Treille ont \u00e9t\u00e9 intraitables en powerplay avec un troisi\u00e8me but en trois possibilit\u00e9s sign\u00e9 Juho Rautanen. Les Caennais vont s\u2019offrir un troisi\u00e8me but avec une superbe passe de Samy Pare derri\u00e8re le but pour la finition d\u2019Evgenii Nikiforov.<\/p>\n<p>L\u2019adversaire de Grenoble en finale de Coupe de France sera connu demain avec la deuxi\u00e8me demi-finale opposant Rouen \u00e0 Chamonix \u00e0 20h00. La rencontre sera disponible sur <a href=\"https:\/\/www.hockeyfrance.tv\/\" target=\"_blank\" rel=\"noopener\">HockeyFrance.tv<\/a>.<\/p>\n<p><strong>Mardi 6 janvier<\/strong><\/p>\n<ul>\n<li>Caen (D1) <a href=\"https:\/\/www.hockeyfrance.com\/competitions\/rencontre\/73940\" target=\"_blank\" rel=\"noopener\">3-6<\/a> Grenoble (SLM) (0-2 ; 2-3 ; 1-1)<\/li>\n<\/ul>\n<p><strong>Mercredi 7 janvier\u00a0<\/strong><\/p>\n<ul>\n<li>Rouen (SLM) \u2013 Chamonix (SLM) (<a href=\"https:\/\/www.hockeyfrance.com\/competitions\/rencontre\/73941\" target=\"_blank\" rel=\"noopener\">20h00<\/a>)<\/li>\n<\/ul>\n<p>Diffusion<\/p>\n<p>L\u2019int\u00e9gralit\u00e9 de la comp\u00e9tition sera \u00e0 suivre sur notre nouvelle plateforme :\u00a0<a href=\"https:\/\/www.hockeyfrance.tv\/\" target=\"_blank\" rel=\"noopener\">https:\/\/www.hockeyfrance.tv\/<\/a>. Vous pouvez vous abonner directement sur le lien. Seuls les matchs se jouant dans une patinoire de Synerglace Ligue Magnus, Division 1 et Division 2 d\u00e9j\u00e0 \u00e9quip\u00e9s de cam\u00e9ras seront diffus\u00e9s.<\/p>\n<p><img decoding=\"async\" loading=\"lazy\" class=\"alignnone size-large wp-image-48207\" src=\"https:\/\/www.europesays.com\/fr\/wp-content\/uploads\/2025\/11\/320x100-2-1024x320.jpg\" alt=\"\" width=\"1024\" height=\"320\"  \/><\/p>\n","protected":false},"excerpt":{"rendered":"\u00a0 La marche aura \u00e9t\u00e9 trop haute pour Caen qui s\u2019incline sur le score de 6-3 face \u00e0&hellip;\n","protected":false},"author":2,"featured_media":648514,"comment_status":"","ping_status":"","sticky":false,"template":"","format":"standard","meta":{"footnotes":""},"categories":[9566],"tags":[1111,11,2430,1777,674,1011,27,2731,12,25],"class_list":{"0":"post-648513","1":"post","2":"type-post","3":"status-publish","4":"format-standard","5":"has-post-thumbnail","7":"category-grenoble","8":"tag-actu","9":"tag-actualites","10":"tag-auvergne-rhone-alpes","11":"tag-eu","12":"tag-europe","13":"tag-fr","14":"tag-france","15":"tag-grenoble","16":"tag-news","17":"tag-republique-francaise"},"share_on_mastodon":{"url":"https:\/\/pubeurope.com\/@fr\/115857335453499609","error":""},"_links":{"self":[{"href":"https:\/\/www.europesays.com\/fr\/wp-json\/wp\/v2\/posts\/648513","targetHints":{"allow":["GET"]}}],"collection":[{"href":"https:\/\/www.europesays.com\/fr\/wp-json\/wp\/v2\/posts"}],"about":[{"href":"https:\/\/www.europesays.com\/fr\/wp-json\/wp\/v2\/types\/post"}],"author":[{"embeddable":true,"href":"https:\/\/www.europesays.com\/fr\/wp-json\/wp\/v2\/users\/2"}],"replies":[{"embeddable":true,"href":"https:\/\/www.europesays.com\/fr\/wp-json\/wp\/v2\/comments?post=648513"}],"version-history":[{"count":0,"href":"https:\/\/www.europesays.com\/fr\/wp-json\/wp\/v2\/posts\/648513\/revisions"}],"wp:featuredmedia":[{"embeddable":true,"href":"https:\/\/www.europesays.com\/fr\/wp-json\/wp\/v2\/media\/648514"}],"wp:attachment":[{"href":"https:\/\/www.europesays.com\/fr\/wp-json\/wp\/v2\/media?parent=648513"}],"wp:term":[{"taxonomy":"category","embeddable":true,"href":"https:\/\/www.europesays.com\/fr\/wp-json\/wp\/v2\/categories?post=648513"},{"taxonomy":"post_tag","embeddable":true,"href":"https:\/\/www.europesays.com\/fr\/wp-json\/wp\/v2\/tags?post=648513"}],"curies":[{"name":"wp","href":"https:\/\/api.w.org\/{rel}","templated":true}]}}