{"id":648515,"date":"2026-01-08T03:24:20","date_gmt":"2026-01-08T03:24:20","guid":{"rendered":"https:\/\/www.europesays.com\/fr\/648515\/"},"modified":"2026-01-08T03:24:20","modified_gmt":"2026-01-08T03:24:20","slug":"rennes-piste-un-international-polonais","status":"publish","type":"post","link":"https:\/\/www.europesays.com\/fr\/648515\/","title":{"rendered":"Rennes piste un international polonais"},"content":{"rendered":"<p>D\u00e9sireux de se renforcer offensivement cet hiver, le Stade Rennais prospecte aujourd\u2019hui du c\u00f4t\u00e9 de la Turquie. Apr\u00e8s avoir abandonn\u00e9 la piste menant au prometteur Claudio Echeverri, les dirigeants bretons cibleraient <a href=\"https:\/\/www.footmercato.net\/joueur\/sebastian-szymanski\/\" target=\"_blank\" rel=\"noopener\">Sebastian<\/a> Szymanski, le co\u00e9quipier en s\u00e9lection de Przemys\u0142aw Frankowski qui \u00e9volue \u00e0 Fenerbah\u00e7e. D\u2019apr\u00e8s Ouest-France, l\u2019id\u00e9e est de trouver un joueur cr\u00e9atif, capable d\u2019\u00e9voluer dans l\u2019axe mais aussi possiblement sur un c\u00f4t\u00e9, dans un syst\u00e8me qui pourrait varier vers un 3-4-3. <\/p>\n<p>            La suite apr\u00e8s cette publicit\u00e9<\/p>\n<p>Plusieurs noms ont \u00e9t\u00e9 \u00e9tudi\u00e9s, dont celui de l\u2019ailier de 26 ans. La presse turque a confirm\u00e9 cet int\u00e9r\u00eat pour le milieu offensif \u00e9galement suivi par l\u2019OL. Il n\u2019y aurait pour le moment aucune n\u00e9gociation concr\u00e8te entre le club stambouliote et le Stade Rennais. Sous contrat jusqu\u2019en 2027 avec Fenerbah\u00e7e, l\u2019international polonais (50 s\u00e9lections, 6 buts) est valoris\u00e9 \u00e0 12 M\u20ac par Transfermarkt.<\/p>\n<p>\n    Pub. le 07\/01\/2026 19:25<br \/>\n            &#8211; MAJ le 07\/01\/2026 20:24\n    <\/p>\n","protected":false},"excerpt":{"rendered":"D\u00e9sireux de se renforcer offensivement cet hiver, le Stade Rennais prospecte aujourd\u2019hui du c\u00f4t\u00e9 de la Turquie. Apr\u00e8s&hellip;\n","protected":false},"author":2,"featured_media":648516,"comment_status":"","ping_status":"","sticky":false,"template":"","format":"standard","meta":{"footnotes":""},"categories":[2821],"tags":[1111,11,829,1777,674,1011,27,12,584,25],"class_list":{"0":"post-648515","1":"post","2":"type-post","3":"status-publish","4":"format-standard","5":"has-post-thumbnail","7":"category-rennes","8":"tag-actu","9":"tag-actualites","10":"tag-bretagne","11":"tag-eu","12":"tag-europe","13":"tag-fr","14":"tag-france","15":"tag-news","16":"tag-rennes","17":"tag-republique-francaise"},"share_on_mastodon":{"url":"https:\/\/pubeurope.com\/@fr\/115857343337513772","error":""},"_links":{"self":[{"href":"https:\/\/www.europesays.com\/fr\/wp-json\/wp\/v2\/posts\/648515","targetHints":{"allow":["GET"]}}],"collection":[{"href":"https:\/\/www.europesays.com\/fr\/wp-json\/wp\/v2\/posts"}],"about":[{"href":"https:\/\/www.europesays.com\/fr\/wp-json\/wp\/v2\/types\/post"}],"author":[{"embeddable":true,"href":"https:\/\/www.europesays.com\/fr\/wp-json\/wp\/v2\/users\/2"}],"replies":[{"embeddable":true,"href":"https:\/\/www.europesays.com\/fr\/wp-json\/wp\/v2\/comments?post=648515"}],"version-history":[{"count":0,"href":"https:\/\/www.europesays.com\/fr\/wp-json\/wp\/v2\/posts\/648515\/revisions"}],"wp:featuredmedia":[{"embeddable":true,"href":"https:\/\/www.europesays.com\/fr\/wp-json\/wp\/v2\/media\/648516"}],"wp:attachment":[{"href":"https:\/\/www.europesays.com\/fr\/wp-json\/wp\/v2\/media?parent=648515"}],"wp:term":[{"taxonomy":"category","embeddable":true,"href":"https:\/\/www.europesays.com\/fr\/wp-json\/wp\/v2\/categories?post=648515"},{"taxonomy":"post_tag","embeddable":true,"href":"https:\/\/www.europesays.com\/fr\/wp-json\/wp\/v2\/tags?post=648515"}],"curies":[{"name":"wp","href":"https:\/\/api.w.org\/{rel}","templated":true}]}}