{"id":648517,"date":"2026-01-08T03:25:15","date_gmt":"2026-01-08T03:25:15","guid":{"rendered":"https:\/\/www.europesays.com\/fr\/648517\/"},"modified":"2026-01-08T03:25:15","modified_gmt":"2026-01-08T03:25:15","slug":"ce-qui-vous-attend-a-strasbourg-si-barseghian-est-reelue","status":"publish","type":"post","link":"https:\/\/www.europesays.com\/fr\/648517\/","title":{"rendered":"ce qui vous attend \u00e0 Strasbourg si Barseghian est r\u00e9\u00e9lue"},"content":{"rendered":"<p>Les douze mesures pr\u00e9sent\u00e9es ce mercredi 7\u00a0janvier par <a href=\"https:\/\/www.dna.fr\/environnement\/2025\/12\/17\/barseghian-lance-sa-campagne-et-se-pose-en-candidate-d-une-gauche-rassemblee\" target=\"_blank\" rel=\"noopener\">la candidate Jeanne Barseghian<\/a> (\u00c9cologistes) pour donner corps \u00e0 sa vision d\u2019une ville \u00ab\u00a0juste et vivante\u00a0\u00bb ne sont qu\u2019une \u00e9bauche. \u00c9bauche issue, d\u2019une part, des premi\u00e8res contributions des 250 personnes qui planchent au sein de 17 groupes, d\u2019autre part des contributions des partis.<\/p>\n<p>Encadrement des loyers: c\u2019est compliqu\u00e9<\/p>\n<p>Premier marqueur de gauche, \u00ab\u00a0l\u2019encadrement des loyers des logements et des commerces\u00a0\u00bb. \u00ab\u00a0Aujourd\u2019hui, quand le march\u00e9 exclut, c\u2019est \u00e0 la puissance publique de r\u00e9guler\u00a0\u00bb, appuie, laconique, Germain Mignot (PCF) qui pr\u00e9sentait les contours de ce pav\u00e9 dans la mare. Pas la peine,&#8230;<\/p>\n","protected":false},"excerpt":{"rendered":"Les douze mesures pr\u00e9sent\u00e9es ce mercredi 7\u00a0janvier par la candidate Jeanne Barseghian (\u00c9cologistes) pour donner corps \u00e0 sa&hellip;\n","protected":false},"author":2,"featured_media":648518,"comment_status":"","ping_status":"","sticky":false,"template":"","format":"standard","meta":{"footnotes":""},"categories":[2820],"tags":[1111,11,1984,2880,5949,4188,1777,674,107,1011,27,775,3539,12,316,25,640,2879],"class_list":{"0":"post-648517","1":"post","2":"type-post","3":"status-publish","4":"format-standard","5":"has-post-thumbnail","7":"category-strasbourg","8":"tag-actu","9":"tag-actualites","10":"tag-conseil-municipal","11":"tag-edition-strasbourg","12":"tag-elections","13":"tag-elections-municipales","14":"tag-eu","15":"tag-europe","16":"tag-fil-info","17":"tag-fr","18":"tag-france","19":"tag-grand-est","20":"tag-les-ecologistes","21":"tag-news","22":"tag-politique","23":"tag-republique-francaise","24":"tag-strasbourg","25":"tag-strasbourg-ville"},"share_on_mastodon":{"url":"https:\/\/pubeurope.com\/@fr\/115857347299154819","error":""},"_links":{"self":[{"href":"https:\/\/www.europesays.com\/fr\/wp-json\/wp\/v2\/posts\/648517","targetHints":{"allow":["GET"]}}],"collection":[{"href":"https:\/\/www.europesays.com\/fr\/wp-json\/wp\/v2\/posts"}],"about":[{"href":"https:\/\/www.europesays.com\/fr\/wp-json\/wp\/v2\/types\/post"}],"author":[{"embeddable":true,"href":"https:\/\/www.europesays.com\/fr\/wp-json\/wp\/v2\/users\/2"}],"replies":[{"embeddable":true,"href":"https:\/\/www.europesays.com\/fr\/wp-json\/wp\/v2\/comments?post=648517"}],"version-history":[{"count":0,"href":"https:\/\/www.europesays.com\/fr\/wp-json\/wp\/v2\/posts\/648517\/revisions"}],"wp:featuredmedia":[{"embeddable":true,"href":"https:\/\/www.europesays.com\/fr\/wp-json\/wp\/v2\/media\/648518"}],"wp:attachment":[{"href":"https:\/\/www.europesays.com\/fr\/wp-json\/wp\/v2\/media?parent=648517"}],"wp:term":[{"taxonomy":"category","embeddable":true,"href":"https:\/\/www.europesays.com\/fr\/wp-json\/wp\/v2\/categories?post=648517"},{"taxonomy":"post_tag","embeddable":true,"href":"https:\/\/www.europesays.com\/fr\/wp-json\/wp\/v2\/tags?post=648517"}],"curies":[{"name":"wp","href":"https:\/\/api.w.org\/{rel}","templated":true}]}}