{"id":648525,"date":"2026-01-08T03:30:24","date_gmt":"2026-01-08T03:30:24","guid":{"rendered":"https:\/\/www.europesays.com\/fr\/648525\/"},"modified":"2026-01-08T03:30:24","modified_gmt":"2026-01-08T03:30:24","slug":"2-000-passagers-passent-la-nuit-a-laeroport-de-nantes-a-cause-de-la-neige","status":"publish","type":"post","link":"https:\/\/www.europesays.com\/fr\/648525\/","title":{"rendered":"2.000 passagers passent la nuit \u00e0 l\u2019a\u00e9roport de Nantes \u00e0 cause de la neige"},"content":{"rendered":"<p>Une v\u00e9ritable pagaille. L\u2019a\u00e9roport de Nantes (<a target=\"_self\" href=\"https:\/\/www.lanouvellerepublique.fr\/loire-atlantique\" rel=\"noopener\">Loire-Atlantique<\/a>) a accueilli des centaines de passagers en errance dans la nuit du lundi 5 au mardi 6\u00a0janvier 2026. Les chutes de neige ont en effet fortement perturb\u00e9 le trafic a\u00e9rien et provoqu\u00e9 l\u2019annulation de nombreux vols, rapporte <a target=\"_blank\" href=\"https:\/\/www.ouest-france.fr\/pays-de-la-loire\/nantes-44000\/aeroport-de-nantes\/je-nai-jamais-vu-ca-de-ma-vie-son-vol-annule-a-cause-de-la-neige-elle-raconte-sa-nuit-a-laeroport-de-nantes-1d6575fa-eb02-11f0-bb7c-fe9a962cb15d\" rel=\"noopener\">Ouest-France<\/a>.<\/p>\n<p>Au total, 2.000 personnes ont ainsi pass\u00e9 la nuit dans l\u2019a\u00e9rogare. Certains voyageurs avaient d\u00e9j\u00e0 patient\u00e9 plusieurs heures sans information dans leur avion, sur le tarmac, avant d\u2019\u00eatre reconduits \u00e0 l\u2019int\u00e9rieur de l\u2019a\u00e9roport. Ils d\u00e9noncent aujourd\u2019hui le manque total de communication.<\/p>\n<p>\u00ab\u00a0Toute la nuit entass\u00e9s les uns sur les autres\u00a0\u00bb<\/p>\n<p>\u00ab\u00a0Je n\u2019ai jamais vu \u00e7a de ma vie, d\u00e9nonce une femme de 61\u00a0ans. On a d\u00fb rester toute la nuit dans l\u2019a\u00e9rogare, assis par terre. [\u2026] Pas un verre d\u2019eau, rien \u00e0 manger. Quelques matelas ont \u00e9t\u00e9 distribu\u00e9s aux enfants, et puis c\u2019est tout.\u00a0\u00bb Celle qui devait voyager avec son mari \u00e0 bord d\u2019un vol EasyJet se dit tr\u00e8s en col\u00e8re de n\u2019avoir re\u00e7u aucune information de la part de la compagnie.<\/p>\n<p>Une famille est \u00e9galement rest\u00e9e coinc\u00e9e dans l\u2019a\u00e9roport nantais. \u00ab\u00a0On a pass\u00e9 toute la nuit entass\u00e9s les uns sur les autres, t\u00e9moigne le p\u00e8re aupr\u00e8s de <a target=\"_blank\" href=\"https:\/\/www.ouest-france.fr\/meteo\/neige\/temoignage-neige-en-loire-atlantique-tous-les-vols-a-larret-2-000-passagers-forces-de-dormir-a-laeroport-386fc35a-eaf3-11f0-a887-2a4cc40b8e21\" rel=\"noopener\">Presse Oc\u00e9an<\/a>. \u00c7a a \u00e9t\u00e9 du gros n\u2019importe quoi.\u00a0\u00bb Au matin, de nombreux passagers ont lou\u00e9 une voiture ou pris un taxi pour rejoindre des proches. Certains se sont rendus \u00e0 la gare de Nantes pour prendre un train.<\/p>\n<p>Une reprise progressive<\/p>\n<p>Au total, 80 vols ont \u00e9t\u00e9 impact\u00e9s par les chutes de neige, dont 50 rien que mardi matin. L\u2019a\u00e9roport a confirm\u00e9 qu\u2019il s\u2019agissait d\u2019une \u00ab\u00a0situation in\u00e9dite\u00a0\u00bb, complexe \u00e0 g\u00e9rer. Les avions devaient initialement recommencer \u00e0 d\u00e9coller mardi apr\u00e8s-midi mais les vols n\u2019ont finalement repris que ce mercredi 7\u00a0janvier en milieu de journ\u00e9e.<\/p>\n","protected":false},"excerpt":{"rendered":"Une v\u00e9ritable pagaille. L\u2019a\u00e9roport de Nantes (Loire-Atlantique) a accueilli des centaines de passagers en errance dans la nuit&hellip;\n","protected":false},"author":2,"featured_media":648526,"comment_status":"","ping_status":"","sticky":false,"template":"","format":"standard","meta":{"footnotes":""},"categories":[2818],"tags":[328,1111,11,1674,1777,674,274,1011,27,329,3047,2487,766,12,2636,25],"class_list":{"0":"post-648525","1":"post","2":"type-post","3":"status-publish","4":"format-standard","5":"has-post-thumbnail","7":"category-nantes","8":"tag-a-la-une","9":"tag-actu","10":"tag-actualites","11":"tag-communes","12":"tag-eu","13":"tag-europe","14":"tag-faits-divers-justice","15":"tag-fr","16":"tag-france","17":"tag-france-monde","18":"tag-loire-atlantique","19":"tag-meteo","20":"tag-nantes","21":"tag-news","22":"tag-pays-de-la-loire","23":"tag-republique-francaise"},"share_on_mastodon":{"url":"https:\/\/pubeurope.com\/@fr\/115857366933943534","error":""},"_links":{"self":[{"href":"https:\/\/www.europesays.com\/fr\/wp-json\/wp\/v2\/posts\/648525","targetHints":{"allow":["GET"]}}],"collection":[{"href":"https:\/\/www.europesays.com\/fr\/wp-json\/wp\/v2\/posts"}],"about":[{"href":"https:\/\/www.europesays.com\/fr\/wp-json\/wp\/v2\/types\/post"}],"author":[{"embeddable":true,"href":"https:\/\/www.europesays.com\/fr\/wp-json\/wp\/v2\/users\/2"}],"replies":[{"embeddable":true,"href":"https:\/\/www.europesays.com\/fr\/wp-json\/wp\/v2\/comments?post=648525"}],"version-history":[{"count":0,"href":"https:\/\/www.europesays.com\/fr\/wp-json\/wp\/v2\/posts\/648525\/revisions"}],"wp:featuredmedia":[{"embeddable":true,"href":"https:\/\/www.europesays.com\/fr\/wp-json\/wp\/v2\/media\/648526"}],"wp:attachment":[{"href":"https:\/\/www.europesays.com\/fr\/wp-json\/wp\/v2\/media?parent=648525"}],"wp:term":[{"taxonomy":"category","embeddable":true,"href":"https:\/\/www.europesays.com\/fr\/wp-json\/wp\/v2\/categories?post=648525"},{"taxonomy":"post_tag","embeddable":true,"href":"https:\/\/www.europesays.com\/fr\/wp-json\/wp\/v2\/tags?post=648525"}],"curies":[{"name":"wp","href":"https:\/\/api.w.org\/{rel}","templated":true}]}}