{"id":648538,"date":"2026-01-08T03:39:18","date_gmt":"2026-01-08T03:39:18","guid":{"rendered":"https:\/\/www.europesays.com\/fr\/648538\/"},"modified":"2026-01-08T03:39:18","modified_gmt":"2026-01-08T03:39:18","slug":"des-photos-aux-alentours-de-marseille-de-peynier-a-cuges-en-passant-par-trets","status":"publish","type":"post","link":"https:\/\/www.europesays.com\/fr\/648538\/","title":{"rendered":"des photos aux alentours de Marseille, de Peynier \u00e0 Cuges en passant par Trets"},"content":{"rendered":"<p>Quelques flocons par ci par l\u00e0 <a href=\"https:\/\/www.laprovence.com\/\" target=\"_blank\" rel=\"noopener\">en Provence<\/a>&#8230; La neige, loin des montagnes des Alpes-de-Haute-Provence ou des Hautes-Alpes, c&rsquo;est toujours un ph\u00e9nom\u00e8ne attendu et peu courant ailleurs dans les \u00ab\u00a0plaines\u00a0\u00bb et les villes et villages de notre territoire. Elle est &#8211; un peu &#8211; tomb\u00e9e ce mercredi 7 janvier 2026 au matin, ainsi qu&rsquo;en cette fin de journ\u00e9e, comme il y a encore quelques instants, du c\u00f4t\u00e9 de Cuges.<\/p>\n<p>Nous avons demand\u00e9 \u00e0 nos lecteurs de nous faire parvenir leurs clich\u00e9s, dont voici quelques-uns captur\u00e9s aux alentours de Marseille, \u00e0 Trets, Peynier ou encore Cuges, donc.<\/p>\n","protected":false},"excerpt":{"rendered":"Quelques flocons par ci par l\u00e0 en Provence&#8230; La neige, loin des montagnes des Alpes-de-Haute-Provence ou des Hautes-Alpes,&hellip;\n","protected":false},"author":2,"featured_media":648539,"comment_status":"","ping_status":"","sticky":false,"template":"","format":"standard","meta":{"footnotes":""},"categories":[2814],"tags":[5734,1111,11,62346,1007,154,1777,674,1011,27,884,10584,12,2189,1186,882,16,25],"class_list":{"0":"post-648538","1":"post","2":"type-post","3":"status-publish","4":"format-standard","5":"has-post-thumbnail","7":"category-marseille","8":"tag-5734","9":"tag-actu","10":"tag-actualites","11":"tag-alentours","12":"tag-aux","13":"tag-des","14":"tag-eu","15":"tag-europe","16":"tag-fr","17":"tag-france","18":"tag-marseille","19":"tag-neige","20":"tag-news","21":"tag-photos","22":"tag-provence","23":"tag-provence-alpes-cote-dazur","24":"tag-region","25":"tag-republique-francaise"},"share_on_mastodon":{"url":"https:\/\/pubeurope.com\/@fr\/115857402450977830","error":""},"_links":{"self":[{"href":"https:\/\/www.europesays.com\/fr\/wp-json\/wp\/v2\/posts\/648538","targetHints":{"allow":["GET"]}}],"collection":[{"href":"https:\/\/www.europesays.com\/fr\/wp-json\/wp\/v2\/posts"}],"about":[{"href":"https:\/\/www.europesays.com\/fr\/wp-json\/wp\/v2\/types\/post"}],"author":[{"embeddable":true,"href":"https:\/\/www.europesays.com\/fr\/wp-json\/wp\/v2\/users\/2"}],"replies":[{"embeddable":true,"href":"https:\/\/www.europesays.com\/fr\/wp-json\/wp\/v2\/comments?post=648538"}],"version-history":[{"count":0,"href":"https:\/\/www.europesays.com\/fr\/wp-json\/wp\/v2\/posts\/648538\/revisions"}],"wp:featuredmedia":[{"embeddable":true,"href":"https:\/\/www.europesays.com\/fr\/wp-json\/wp\/v2\/media\/648539"}],"wp:attachment":[{"href":"https:\/\/www.europesays.com\/fr\/wp-json\/wp\/v2\/media?parent=648538"}],"wp:term":[{"taxonomy":"category","embeddable":true,"href":"https:\/\/www.europesays.com\/fr\/wp-json\/wp\/v2\/categories?post=648538"},{"taxonomy":"post_tag","embeddable":true,"href":"https:\/\/www.europesays.com\/fr\/wp-json\/wp\/v2\/tags?post=648538"}],"curies":[{"name":"wp","href":"https:\/\/api.w.org\/{rel}","templated":true}]}}