{"id":648562,"date":"2026-01-08T03:52:11","date_gmt":"2026-01-08T03:52:11","guid":{"rendered":"https:\/\/www.europesays.com\/fr\/648562\/"},"modified":"2026-01-08T03:52:11","modified_gmt":"2026-01-08T03:52:11","slug":"lallemagne-definit-pour-la-premiere-fois-les-actes-de-sabotage-comme-un-prelude-a-la-guerre","status":"publish","type":"post","link":"https:\/\/www.europesays.com\/fr\/648562\/","title":{"rendered":"L&rsquo;Allemagne d\u00e9finit pour la premi\u00e8re fois les actes de sabotage comme un pr\u00e9lude \u00e0 la guerre"},"content":{"rendered":"<p>Une version r\u00e9vis\u00e9e du Plan op\u00e9rationnel Allemagne (OPLAN) vise \u00e0 classer strat\u00e9giquement les attaques hybrides dans le cadre d\u2019une logique d\u2019escalade militaire, et ce pour la premi\u00e8re fois. Le document d\u00e9finit la R\u00e9publique f\u00e9d\u00e9rale comme un p\u00f4le central de l\u2019OTAN, assorti d\u2019un niveau de menace sp\u00e9cifique.<\/p>\n<p>Pour la premi\u00e8re fois, le gouvernement allemand a explicitement class\u00e9 les actes de sabotage, les cyberattaques et les campagnes de d\u00e9sinformation comme des signes avant-coureurs de guerre dans sa planification de s\u00e9curit\u00e9.<\/p>\n<p>C\u2019est ce que r\u00e9v\u00e8le une version \u00e9largie du Plan d\u2019op\u00e9rations Allemagne (OPLAN), un document confidentiel du minist\u00e8re de la D\u00e9fense, divulgu\u00e9 par Politico, et destin\u00e9 sp\u00e9cifiquement aux L\u00e4nder (\u00c9tats allemands) et aux municipalit\u00e9s.<\/p>\n<p>OPLAN \u00e9tablit une classification du r\u00f4le de l\u2019Allemagne au sein de l\u2019OTAN<\/p>\n<p>Le document stipule textuellement que les mesures hybrides pourraient \u00ab\u202fen principe servir \u00e0 pr\u00e9parer une confrontation militaire\u202f\u00bb. Les cyberop\u00e9rations, le sabotage et les campagnes d\u2019influence sont ainsi strat\u00e9giquement plac\u00e9s dans la m\u00eame logique que les actions militaires conventionnelles.<\/p>\n<p>Cela marque une rupture avec la classification pr\u00e9c\u00e9demment admise comme une forme de pression dans un contexte de tensions g\u00e9opolitiques existantes.<\/p>\n<p>Le gouvernement allemand a revu son \u00e9valuation compte tenu de l\u2019\u00e9volution du r\u00f4le de l\u2019Allemagne au sein de l\u2019OTAN. Le <a rel=\"noopener\" target=\"_blank\" href=\"https:\/\/oplan.de\/\">plan op\u00e9rationnel de l\u2019OTAN (OPLAN)<\/a> d\u00e9crit l\u2019Allemagne comme un \u00ab\u202fhub\u202f\u00bb central de l\u2019Alliance. Elle sert de \u00ab\u202fbase op\u00e9rationnelle\u202f\u00bb et de \u00ab\u202fpays de transit\u202f\u00bb pour les d\u00e9ploiements de grande envergure sur le flanc est.<\/p>\n<p>Epoch Times a interrog\u00e9 le gouvernement allemand \u00e0 ce sujet : \u00ab\u202fJe ne peux pas \u00e0 ce stade fournir davantage de d\u00e9tails ni de nouvelles informations sur les niveaux de s\u00e9curit\u00e9 qui d\u00e9couleraient directement de cette annonce\u202f\u00bb, a d\u00e9clar\u00e9 Natalie Jenning, porte-parole du minist\u00e8re de la D\u00e9fense.<\/p>\n<p>\u00ab\u202fEt bien s\u00fbr, nous constatons \u00e9galement [\u2026] que les attaques hybrides sont en augmentation globale. Et c\u2019est naturellement un \u00e9l\u00e9ment que nous prenons en compte, que nous \u00e9valuons et sur lequel nous basons nos actions.\u202f\u00bb<\/p>\n<p>Actuellement en phase de \u00ab\u202fd\u00e9tection pr\u00e9coce des menaces\u202f\u00bb<\/p>\n<p>OPLAN est un concept visant \u00e0 coordonner les actions des acteurs militaires et civils afin de permettre \u00e0 l\u2019Allemagne de remplir son r\u00f4le de plaque tournante du transit. La version actuelle serait une version all\u00e9g\u00e9e de 24 pages, selon Politico. OPLAN d\u00e9crit un mod\u00e8le d\u2019escalade en cinq \u00e9tapes.<\/p>\n<p>Ce dispositif vise \u00e0 englober l\u2019ensemble des actions, depuis la d\u00e9tection pr\u00e9coce des menaces et la dissuasion jusqu\u2019\u00e0 la d\u00e9fense nationale, la d\u00e9fense collective de l\u2019OTAN et la reconstruction post-conflit. L\u2019Allemagne se trouverait actuellement dans la premi\u00e8re phase, ax\u00e9e principalement sur la coordination entre les diff\u00e9rents niveaux de gouvernement et la mise en place de mesures logistiques et de protection.<\/p>\n<p>Conform\u00e9ment au plan d\u2019op\u00e9rations, les unit\u00e9s de s\u00e9curit\u00e9 int\u00e9rieure doivent prot\u00e9ger les infrastructures critiques, s\u00e9curiser les mouvements de troupes sur le territoire allemand et contribuer au maintien des fonctions de l\u2019\u00c9tat. Les troupes de combat seront stationn\u00e9es ailleurs. Le document souligne \u00e9galement le r\u00f4le des acteurs civils, qui doivent accomplir des t\u00e2ches essentielles.<\/p>\n<p>L\u2019Allemagne \u00ab\u202fcible quotidienne de la guerre hybride\u202f\u00bb, selon le ministre allemand de l\u2019Int\u00e9rieur<\/p>\n<p>Selon Politico, le document aborde \u00e9galement les r\u00e9seaux de transport, l\u2019approvisionnement \u00e9nerg\u00e9tique, les services de sant\u00e9 et les entreprises priv\u00e9es. Ces \u00e9l\u00e9ments sont qualifi\u00e9s de \u00ab\u202ffacilitateurs indispensables\u202f\u00bb. Sans eux, la mise en \u0153uvre du plan serait impossible. La d\u00e9fense est impossible sans le soutien des civils, poursuit le document.<\/p>\n<p>R\u00e9cemment, le ministre allemand de l\u2019Int\u00e9rieur, Alexander Dobrindt, a d\u00e9crit l\u2019Allemagne comme une \u00ab\u202fcible quotidienne de la guerre hybride\u202f\u00bb.<\/p>\n<p>D\u00e9but d\u00e9cembre 2025, le pr\u00e9sident du Comit\u00e9 militaire de l\u2019OTAN, l\u2019amiral Giuseppe Cavo Dragone, <a rel=\"noopener\" target=\"_blank\" href=\"https:\/\/www.epochtimes.fr\/la-russie-juge-extremement-irresponsables-les-propos-de-lotan-sur-une-frappe-preventive-3121359.html\">a \u00e9voqu\u00e9<\/a> des mesures pr\u00e9ventives, en partie offensives, dans le domaine de la guerre hybride.<\/p>\n<p>Le gouvernement allemand pr\u00e9voit actuellement une r\u00e9forme en profondeur du Service f\u00e9d\u00e9ral de renseignement (BND). Un projet de loi propose, entre autres, d\u2019autoriser explicitement le BND \u00e0 mener, pour la premi\u00e8re fois, des op\u00e9rations de sabotage, des cyberattaques et des perquisitions secr\u00e8tes dans des domiciles priv\u00e9s.<\/p>\n","protected":false},"excerpt":{"rendered":"Une version r\u00e9vis\u00e9e du Plan op\u00e9rationnel Allemagne (OPLAN) vise \u00e0 classer strat\u00e9giquement les attaques hybrides dans le cadre&hellip;\n","protected":false},"author":2,"featured_media":648563,"comment_status":"","ping_status":"","sticky":false,"template":"","format":"standard","meta":{"footnotes":""},"categories":[1587],"tags":[11,672,1804,1805,1803,1777,674,1801,12,1802],"class_list":{"0":"post-648562","1":"post","2":"type-post","3":"status-publish","4":"format-standard","5":"has-post-thumbnail","7":"category-allemagne","8":"tag-actualites","9":"tag-allemagne","10":"tag-bundesrepublik-deutschland","11":"tag-de","12":"tag-deutschland","13":"tag-eu","14":"tag-europe","15":"tag-germany","16":"tag-news","17":"tag-republique-federale-dallemagne"},"share_on_mastodon":{"url":"https:\/\/pubeurope.com\/@fr\/115857453461314659","error":""},"_links":{"self":[{"href":"https:\/\/www.europesays.com\/fr\/wp-json\/wp\/v2\/posts\/648562","targetHints":{"allow":["GET"]}}],"collection":[{"href":"https:\/\/www.europesays.com\/fr\/wp-json\/wp\/v2\/posts"}],"about":[{"href":"https:\/\/www.europesays.com\/fr\/wp-json\/wp\/v2\/types\/post"}],"author":[{"embeddable":true,"href":"https:\/\/www.europesays.com\/fr\/wp-json\/wp\/v2\/users\/2"}],"replies":[{"embeddable":true,"href":"https:\/\/www.europesays.com\/fr\/wp-json\/wp\/v2\/comments?post=648562"}],"version-history":[{"count":0,"href":"https:\/\/www.europesays.com\/fr\/wp-json\/wp\/v2\/posts\/648562\/revisions"}],"wp:featuredmedia":[{"embeddable":true,"href":"https:\/\/www.europesays.com\/fr\/wp-json\/wp\/v2\/media\/648563"}],"wp:attachment":[{"href":"https:\/\/www.europesays.com\/fr\/wp-json\/wp\/v2\/media?parent=648562"}],"wp:term":[{"taxonomy":"category","embeddable":true,"href":"https:\/\/www.europesays.com\/fr\/wp-json\/wp\/v2\/categories?post=648562"},{"taxonomy":"post_tag","embeddable":true,"href":"https:\/\/www.europesays.com\/fr\/wp-json\/wp\/v2\/tags?post=648562"}],"curies":[{"name":"wp","href":"https:\/\/api.w.org\/{rel}","templated":true}]}}