{"id":648565,"date":"2026-01-08T03:53:22","date_gmt":"2026-01-08T03:53:22","guid":{"rendered":"https:\/\/www.europesays.com\/fr\/648565\/"},"modified":"2026-01-08T03:53:22","modified_gmt":"2026-01-08T03:53:22","slug":"dominique-de-villepin-appelle-sur-rtl-leurope-a-montrer-a-donald-trump-que-nous-ne-transigerons-jamais-sur-le-groenland","status":"publish","type":"post","link":"https:\/\/www.europesays.com\/fr\/648565\/","title":{"rendered":"Dominique de Villepin appelle sur RTL l&rsquo;Europe \u00e0 \u00ab\u00a0montrer \u00e0 Donald Trump que nous ne transigerons jamais\u00a0\u00bb sur le Groenland"},"content":{"rendered":"<p class=\"article-p mdl\">Invit\u00e9 de RTL Soir, Dominique de Villepin est revenu sur\u00a0<a class=\"link\" href=\"https:\/\/www.rtl.fr\/actu\/international\/groenland-donald-trump-etudie-activement-un-achat-de-l-ile-arctique-du-danemark-7900586154\" title=\"Groenland : Donald Trump \u00e9tudie &quot;activement&quot; un achat de l&#039;\u00eele arctique du Danemark\" target=\"_blank\" rel=\"noopener\">les vell\u00e9it\u00e9s de Donald Trump concernant le Groenland, territoire autonome du Danemark<\/a>. Pour l\u2019ancien ministre des Affaires \u00e9trang\u00e8res, cette volont\u00e9 d\u00e9passe largement une simple transaction immobili\u00e8re entre \u00c9tats. \u00ab\u00a0Il ne faut certainement pas lui vendre\u00a0\u00bb a-t-il affirm\u00e9, estimant que les \u00c9tats-Unis b\u00e9n\u00e9ficient d\u00e9j\u00e0 de nombreux accords, notamment militaires, leur permettant d\u2019y \u00eatre pr\u00e9sents.<\/p>\n<p class=\"article-p mdl\">Selon lui, l\u2019ancien pr\u00e9sident am\u00e9ricain cherche \u00e0 aller plus loin en affirmant une puissance territoriale globale. \u00ab\u00a0Les \u00c9tats-Unis, le Canada et le Groenland, c\u2019est plus de 21 millions de kilom\u00e8tres carr\u00e9s. Ce que veut Trump, c\u2019est afficher cette force territoriale qui \u00e9crase et sid\u00e8re les autres \u00c9tats\u00a0\u00bb a-t-il analys\u00e9, voyant dans cette strat\u00e9gie un symbole de domination.<\/p>\n<p>            \u00ab\u00a0Ne jamais reconna\u00eetre la politique du fait accompli\u00a0\u00bb<\/p>\n<p class=\"article-p mdl\">Face \u00e0 ces vell\u00e9it\u00e9s, Dominique de Villepin a appel\u00e9 l\u2019Europe \u00e0 une ligne rouge. \u00ab\u00a0D\u00e9fendre ses principes, cela implique de ne jamais reconna\u00eetre la politique du fait accompli. On ne n\u00e9gocie pas sur les principes\u00a0\u00bb a-t-il martel\u00e9. Pour l\u2019ancien chef du gouvernement, l\u2019Union europ\u00e9enne dispose de leviers bien plus importants qu\u2019elle ne l\u2019imagine.<\/p>\n<p class=\"article-p mdl\">Il a insist\u00e9 sur la n\u00e9cessit\u00e9 d\u2019augmenter le \u00ab\u00a0prix \u00e0 payer\u00a0\u00bb politique et diplomatique en cas de violation du droit international. Une strat\u00e9gie qui vise \u00e0 dissuader toute action unilat\u00e9rale en montrant que les cons\u00e9quences seraient lourdes, y compris pour les \u00c9tats-Unis.<\/p>\n<p>            Une situation in\u00e9dite au sein de l\u2019OTAN<\/p>\n<p class=\"article-p mdl\">Dominique de Villepin a \u00e9galement soulign\u00e9 le caract\u00e8re in\u00e9dit d\u2019une telle situation. \u00ab\u00a0Il n\u2019y a jamais eu dans l\u2019histoire une grande d\u00e9mocratie qui livre la guerre \u00e0 une autre d\u00e9mocratie\u00a0\u00bb a-t-il rappel\u00e9, en \u00e9voquant \u00ab\u00a0un choix tragique\u00a0\u00bb pour Donald Trump. Une menace sur le Groenland reviendrait \u00e0 opposer deux membres de l\u2019OTAN, une hypoth\u00e8se aux cons\u00e9quences politiques consid\u00e9rables, selon lui.<\/p>\n<p class=\"article-p mdl\">Pour lui, ce type de comportement affaiblit l\u2019image des \u00c9tats-Unis. \u00ab\u00a0Ils apparaissent aux yeux de\u00a0<a class=\"link\" href=\"https:\/\/www.rtl.fr\/actu\/international\/venezuela-delcy-rodriguez-la-presidente-par-interim-affirme-qu-aucun-agent-exterieur-ne-gouverne-le-pays-apres-la-capture-de-nicolas-maduro-7900585677\" title=\"Venezuela : Delcy Rodriguez, la pr\u00e9sidente par int\u00e9rim affirme qu&#039;&quot;aucun agent ext\u00e9rieur ne gouverne&quot; le pays apr\u00e8s la capture de Nicolas Maduro\" target=\"_blank\" rel=\"noopener\">l&rsquo;Am\u00e9rique latine<\/a>\u00a0et du monde entier comme un pays qui recolonise un continent\u00a0\u00bb, a-t-il averti, estimant que Washington \u00e9tait en train de d\u00e9manteler un soft power construit sur plus d\u2019un si\u00e8cle.<\/p>\n<blockquote class=\"article-quote\">\n<p class=\"article-quote-text icon icon-quote-v2\">La pr\u00e9dation conduit \u00e0 vous placer l&rsquo;\u00e9tiquette de pays colonial.<\/p>\n<p>Dominique de Villepin<\/p>\n<\/blockquote>\n<p>\u00ab\u00a0Ne sous-estimons pas nos capacit\u00e9s\u00a0\u00bb<\/p>\n<p class=\"article-p mdl\">Allant plus loin, Dominique de Villepin a estim\u00e9 que l\u2019Europe devait se pr\u00e9parer \u00e0 toutes les options, y compris militaires \u00e0 envoyer au Groenland pour montrer que les Europ\u00e9ens ne trembleront pas face \u00e0 la menace.<\/p>\n<p class=\"article-p mdl\">Interrog\u00e9 sur nos moyens mat\u00e9riels pour affronter la puissance am\u00e9ricaine, il a r\u00e9pondu \u00ab\u00a0nous avons notre d\u00e9termination, notre histoire, nos principes\u00a0\u00bb. Selon l&rsquo;\u00e9lu, refuser toute reconnaissance d\u2019une mainmise am\u00e9ricaine sur le Groenland pourrait aller jusqu\u2019\u00e0 une rupture politique majeure avec Washington, un sc\u00e9nario lourd de cons\u00e9quences mais n\u00e9cessaire pour pr\u00e9server l\u2019ordre international.<\/p>\n<p>    La r\u00e9daction vous recommande<\/p>\n<p class=\"s-newsletter__title\">\n                L\u2019actualit\u00e9 par la r\u00e9daction de RTL dans votre bo\u00eete mail.\n            <\/p>\n<p class=\"s-newsletter__subtitle\">\n                Gr\u00e2ce \u00e0 votre compte RTL abonnez-vous \u00e0 la newsletter RTL info pour suivre toute l&rsquo;actualit\u00e9 au quotidien\n            <\/p>\n<p>\n                                    Lire la suite\n                                <\/p>\n","protected":false},"excerpt":{"rendered":"Invit\u00e9 de RTL Soir, Dominique de Villepin est revenu sur\u00a0les vell\u00e9it\u00e9s de Donald Trump concernant le Groenland, territoire&hellip;\n","protected":false},"author":2,"featured_media":648566,"comment_status":"","ping_status":"","sticky":false,"template":"","format":"standard","meta":{"footnotes":""},"categories":[1586],"tags":[11,75,1777,674,107,1011,27,146,14,12,316,25],"class_list":{"0":"post-648565","1":"post","2":"type-post","3":"status-publish","4":"format-standard","5":"has-post-thumbnail","7":"category-europe","8":"tag-actualites","9":"tag-donald-trump","10":"tag-eu","11":"tag-europe","12":"tag-fil-info","13":"tag-fr","14":"tag-france","15":"tag-groenland","16":"tag-international","17":"tag-news","18":"tag-politique","19":"tag-republique-francaise"},"share_on_mastodon":{"url":"https:\/\/pubeurope.com\/@fr\/115857457448282919","error":""},"_links":{"self":[{"href":"https:\/\/www.europesays.com\/fr\/wp-json\/wp\/v2\/posts\/648565","targetHints":{"allow":["GET"]}}],"collection":[{"href":"https:\/\/www.europesays.com\/fr\/wp-json\/wp\/v2\/posts"}],"about":[{"href":"https:\/\/www.europesays.com\/fr\/wp-json\/wp\/v2\/types\/post"}],"author":[{"embeddable":true,"href":"https:\/\/www.europesays.com\/fr\/wp-json\/wp\/v2\/users\/2"}],"replies":[{"embeddable":true,"href":"https:\/\/www.europesays.com\/fr\/wp-json\/wp\/v2\/comments?post=648565"}],"version-history":[{"count":0,"href":"https:\/\/www.europesays.com\/fr\/wp-json\/wp\/v2\/posts\/648565\/revisions"}],"wp:featuredmedia":[{"embeddable":true,"href":"https:\/\/www.europesays.com\/fr\/wp-json\/wp\/v2\/media\/648566"}],"wp:attachment":[{"href":"https:\/\/www.europesays.com\/fr\/wp-json\/wp\/v2\/media?parent=648565"}],"wp:term":[{"taxonomy":"category","embeddable":true,"href":"https:\/\/www.europesays.com\/fr\/wp-json\/wp\/v2\/categories?post=648565"},{"taxonomy":"post_tag","embeddable":true,"href":"https:\/\/www.europesays.com\/fr\/wp-json\/wp\/v2\/tags?post=648565"}],"curies":[{"name":"wp","href":"https:\/\/api.w.org\/{rel}","templated":true}]}}