{"id":648571,"date":"2026-01-08T03:56:35","date_gmt":"2026-01-08T03:56:35","guid":{"rendered":"https:\/\/www.europesays.com\/fr\/648571\/"},"modified":"2026-01-08T03:56:35","modified_gmt":"2026-01-08T03:56:35","slug":"vigilance-orange-pour-neige-et-verglas-dans-le-loiret-point-de-situation-communique-de-presse-actualite","status":"publish","type":"post","link":"https:\/\/www.europesays.com\/fr\/648571\/","title":{"rendered":"Vigilance orange pour neige et verglas dans le Loiret &#8211; Point de situation (communiqu\u00e9 de presse) &#8211; Actualit\u00e9"},"content":{"rendered":"<p>\n            Mis \u00e0 jour le\u00a007\/01\/2026\n        <\/p>\n<p>                                                                                                    <img decoding=\"async\" class=\"fr-responsive-img\" src=\"https:\/\/www.europesays.com\/fr\/wp-content\/uploads\/2026\/01\/Vigilance-orange-pour-neige-et-verglas-dans-le-Loiret-Point-de-situation-communique-de-presse_large..jpeg\" alt=\"\" style=\"aspect-ratio: 1.7074468085106;\"\/><\/p>\n<p class=\"fr-callout__text\">\n            Le d\u00e9partement du Loiret est plac\u00e9 en vigilance orange \u00ab neige-verglas \u00bb ce mercredi 7 janvier depuis 6h, jusqu&rsquo;\u00e0 16h. Il sera ensuite en vigilance jaune jusqu\u2019\u00e0 minuit.\n        <\/p>\n<p>Les pr\u00e9cipitations neigeuses, de 3 \u00e0 5 cm, jusqu\u2019\u00e0 10 cm localement depuis ce d\u00e9but de matin\u00e9e, cessent en d\u00e9but d\u2019apr\u00e8s-midi. La perturbation neigeuse s\u2019\u00e9vacue vers l\u2019Est.<\/p>\n<p>La neige rend les conditions de circulation difficiles dans le d\u00e9partement. <b>La situation devrait s\u2019am\u00e9liorer en milieu d\u2019apr\u00e8s-midi gr\u00e2ce aux interventions de raclage et de salage des gestionnaires de voiries.<\/b><\/p>\n<p>Les transports urbains rencontrent des difficult\u00e9s de circulation sur Orl\u00e9ans m\u00e9tropole. Dans l\u2019agglom\u00e9ration de Montargis, les lignes sont interrompues depuis ce matin.<\/p>\n<p>Les lignes r\u00e9guli\u00e8res (REMI) sont \u00e9galement suspendues. Une reprise est attendue dans le courant de l\u2019apr\u00e8s-midi, sous r\u00e9serve d\u2019une am\u00e9lioration notable des conditions de circulation.<\/p>\n<p class=\"fr-callout__text\">\n            Les usagers sont invit\u00e9s \u00e0 consulter les sites des soci\u00e9t\u00e9s de transport.\n        <\/p>\n<p><b>Pour rappel, la zone de d\u00e9fense Ouest a interdit la circulation des poids lourds de plus de 3,5T sur le r\u00e9seau routier national (autoroutes et routes nationales), pour les d\u00e9partements en vigilance orange, depuis 3h ce mercredi 7 janvier, jusqu\u2019\u00e0 18h.<\/b><\/p>\n<p>En compl\u00e9ment,     <a href=\"https:\/\/www.loiret.gouv.fr\/contenu\/telechargement\/79121\/607023\/file\/recueil-45-2026-006-recueil-des-actes-administratifs-special-2.pdf\" id=\"d6f47fb8e44b576ad54d17178242adac\" rel=\"noopener external\" title=\"Visiter le site https:\/\/www.loiret.gouv.fr\/contenu\/telechargement\/79121\/607023\/file\/recueil-45-2026-006-recueil-des-actes-administratifs-special-2.pdf - nouvelle fen\u00eatre\" target=\"_blank\" class=\"fr-link\">un arr\u00eat\u00e9 pr\u00e9fectoral interdisant la circulation des poids lourds de plus de 3,5T a \u00e9t\u00e9 pris sur l\u2019ensemble du r\u00e9seau routier du Loiret<\/a>. La vitesse maximale autoris\u00e9e est par ailleurs abaiss\u00e9e de 20 km\/h pour tous les v\u00e9hicules, sur les voies en dehors des agglom\u00e9rations. L\u2019arr\u00eat\u00e9 restera en vigueur jusqu\u2019\u00e0 une am\u00e9lioration notable de l\u2019\u00e9tat des chauss\u00e9es.<\/p>\n<p><b>Quelques poids lourds ont \u00e9t\u00e9 verbalis\u00e9s pour non respect de l\u2019arr\u00eat\u00e9.<\/b><\/p>\n<p>Malgr\u00e9 des conditions de circulation d\u00e9grad\u00e9es, aucun accident grave n\u2019est \u00e0 d\u00e9plorer.<\/p>\n<p>La pr\u00e9f\u00e8te du Loiret encourage les usagers de la route \u00e0 rester prudents, \u00e0 respecter les restrictions de circulation et \u00e0 se tenir inform\u00e9s des conditions de circulation et des pr\u00e9visions m\u00e9t\u00e9orologiques aupr\u00e8s notamment de     <a href=\"http:\/\/www.loiret.fr\/circulation-hivernale\" id=\"8b5d2bfb5622c16bd20014240f128e9f\" rel=\"noopener external\" title=\"Visiter le site http:\/\/www.loiret.fr\/circulation-hivernale - nouvelle fen\u00eatre\" target=\"_blank\" class=\"fr-link\">www.loiret.fr\/circulation-hivernale<\/a>\u00a0 et     <a href=\"http:\/\/www.bison-fute.gouv.fr\" id=\"f5401cc389c5d87328e95dcc31385719\" rel=\"noopener external\" title=\"Visiter le site http:\/\/www.bison-fute.gouv.fr - nouvelle fen\u00eatre\" target=\"_blank\" class=\"fr-link\">www.bison-fute.gouv.fr<\/a><\/p>\n<p><b>Le communiqu\u00e9 de presse :<\/b><\/p>\n","protected":false},"excerpt":{"rendered":"Mis \u00e0 jour le\u00a007\/01\/2026 Le d\u00e9partement du Loiret est plac\u00e9 en vigilance orange \u00ab neige-verglas \u00bb ce mercredi&hellip;\n","protected":false},"author":2,"featured_media":648572,"comment_status":"","ping_status":"","sticky":false,"template":"","format":"standard","meta":{"footnotes":""},"categories":[2],"tags":[11,1011,27,12,25],"class_list":{"0":"post-648571","1":"post","2":"type-post","3":"status-publish","4":"format-standard","5":"has-post-thumbnail","7":"category-actualites","8":"tag-actualites","9":"tag-fr","10":"tag-france","11":"tag-news","12":"tag-republique-francaise"},"share_on_mastodon":{"url":"https:\/\/pubeurope.com\/@fr\/115857469159701064","error":""},"_links":{"self":[{"href":"https:\/\/www.europesays.com\/fr\/wp-json\/wp\/v2\/posts\/648571","targetHints":{"allow":["GET"]}}],"collection":[{"href":"https:\/\/www.europesays.com\/fr\/wp-json\/wp\/v2\/posts"}],"about":[{"href":"https:\/\/www.europesays.com\/fr\/wp-json\/wp\/v2\/types\/post"}],"author":[{"embeddable":true,"href":"https:\/\/www.europesays.com\/fr\/wp-json\/wp\/v2\/users\/2"}],"replies":[{"embeddable":true,"href":"https:\/\/www.europesays.com\/fr\/wp-json\/wp\/v2\/comments?post=648571"}],"version-history":[{"count":0,"href":"https:\/\/www.europesays.com\/fr\/wp-json\/wp\/v2\/posts\/648571\/revisions"}],"wp:featuredmedia":[{"embeddable":true,"href":"https:\/\/www.europesays.com\/fr\/wp-json\/wp\/v2\/media\/648572"}],"wp:attachment":[{"href":"https:\/\/www.europesays.com\/fr\/wp-json\/wp\/v2\/media?parent=648571"}],"wp:term":[{"taxonomy":"category","embeddable":true,"href":"https:\/\/www.europesays.com\/fr\/wp-json\/wp\/v2\/categories?post=648571"},{"taxonomy":"post_tag","embeddable":true,"href":"https:\/\/www.europesays.com\/fr\/wp-json\/wp\/v2\/tags?post=648571"}],"curies":[{"name":"wp","href":"https:\/\/api.w.org\/{rel}","templated":true}]}}