{"id":648579,"date":"2026-01-08T04:01:11","date_gmt":"2026-01-08T04:01:11","guid":{"rendered":"https:\/\/www.europesays.com\/fr\/648579\/"},"modified":"2026-01-08T04:01:11","modified_gmt":"2026-01-08T04:01:11","slug":"open-de-tennis-a-noumea-clement-tabur-fait-parler-sa-puissance-et-passe-en-quarts","status":"publish","type":"post","link":"https:\/\/www.europesays.com\/fr\/648579\/","title":{"rendered":"Open de tennis \u00e0 Noum\u00e9a. Cl\u00e9ment Tabur fait parler sa puissance et passe en quarts"},"content":{"rendered":"<p class=\"svelte-qfpp5o first-paragraph\">C\u2019est l&rsquo;un des joueurs les plus\u00a0costauds du tournoi ATP challenger de Noum\u00e9a. Cl\u00e9ment\u00a0Tabur, 1m73 pour\u00a073 kilos,\u00a0a d\u00e9ploy\u00e9 une \u00e9nergie d\u00e9bordante pour sortir Titouan Droguet, ce mercredi 7 janvier.<\/p>\n<p class=\"svelte-qfpp5o\">Du haut de ses 1,91m, son adversaire a \u00e9t\u00e9\u00a0tout aussi actif. Avec son service redoutable, il pointe \u00e0 la 152e\u00a0place du classement ATP. <\/p>\n<p class=\"svelte-qfpp5o\">Tout \u00e9tait\u00a0r\u00e9uni donc pour un choc entre fran\u00e7ais, et leur combat n\u2019a pas d\u00e9\u00e7u. Droguet breake \u00e0 3-2 et va mener 5-3,\u00a0mais\u00a0il\u00a0ne parvient pas \u00e0 faire c\u00e9der son adversaire, vainqueur du <a class=\"article-link svelte-123pfsg\" href=\"https:\/\/la1ere.franceinfo.fr\/nouvellecaledonie\/province-sud\/noumea\/tennis-clement-tabur-a-remporte-le-tournoi-exhibition-dedie-a-catherine-bonnet-1658003.html\" target=\"_blank\" rel=\"noopener noreferrer nofollow\">Tournoi Catherine Bonnet <\/a>au\u00a0Receiving \u00e0 Noum\u00e9a, il y a quelques jours.<\/p>\n<p class=\"svelte-qfpp5o\">Les deux hommes vont au tie break d\u00e8s le premier set. Et Droguet finit par l\u2019emporter 7-4. Il prend la premi\u00e8re manche 7-6. <\/p>\n<blockquote class=\"quote svelte-15qzpub\">\n<p class=\"text svelte-15qzpub\">\u00ab Mentalement je crois que j\u2019\u00e9tais pas pr\u00eat \u00e0 accepter que ce soit aussi dur, mais je pense que j\u2019ai eu un second souffle. \u00bb<\/p>\n<p> Cl\u00e9ment Tabur<\/p><\/blockquote>\n<p class=\"svelte-qfpp5o\">Dans la seconde manche,\u00a0Tabur, plus constant et adroit au service, reprend le dessus pour s\u2019imposer 6-4. Le R\u00e9mois s&rsquo;appuie sur ses fondamentaux : \u00ab\u00a0bien servir, bien retourner\u00a0\u00bb, pour s&rsquo;imposer \u00e0 nouveau 6-4 dans le dernier set.<\/p>\n<p class=\"svelte-qfpp5o\">Son jeu r\u00e9gale les\u00a0connaisseurs du\u00a0Caillou venus en\u00a0spectateurs, \u00e0 l\u2019instar de l&rsquo;ancien tennisman Fr\u00e9d\u00e9ric\u00a0Stotz. <\/p>\n<blockquote class=\"quote svelte-15qzpub\">\n<p class=\"text svelte-15qzpub\">\u00ab Il joue avec beaucoup de confiance. Je trouve qu\u2019il frappe tr\u00e8s fort la balle c\u00f4t\u00e9 revers et il pousse l\u2019adversaire dans ses retranchements. \u00bb<\/p>\n<p> Fr\u00e9d\u00e9ric Stotz<\/p><\/blockquote>\n<p class=\"svelte-qfpp5o\">Sur le circuit ATP,\u00a0Cl\u00e9ment Tabur\u00a0a connu une finale \u00e0 Lyon, et deux quarts de finale \u00e0 Metz et Brest l\u2019an dernier.\u00a0Le 206e mondial a le vent en poupe. Et son style fait de lui\u00a0un\u00a0candidat au titre.<\/p>\n<p>Place aux quarts de finale<\/p>\n<p class=\"svelte-qfpp5o\">En quart de finale,\u00a0le Fran\u00e7ais\u00a0affrontera l\u2019Am\u00e9ricain Michael Zheng, t\u00eate de s\u00e9rie n\u00b06. Un match qui promet.<\/p>\n<p class=\"svelte-qfpp5o\">Dans les autres matchs de ces 16e de finale, la t\u00eate de s\u00e9rie n\u00b01, Jordan Thompson, a battu l&rsquo;Am\u00e9ricain Moreno De Alboran (6-4, 6-3). Il jouera au tour suivant l&rsquo;Autrichien Jurij Rodionov dominateur contre l&rsquo;Am\u00e9ricain Christian Langmo (6-3, 6-4).<\/p>\n<p class=\"svelte-qfpp5o\">L&rsquo;aventure continue \u00e9galement pour Blake Ellis qui avait <a class=\"article-link svelte-123pfsg\" href=\"https:\/\/la1ere.franceinfo.fr\/nouvellecaledonie\/province-sud\/noumea\/open-de-tennis-a-noumea-une-deuxieme-journee-marquee-par-la-victoire-de-l-australien-ellis-sur-le-francais-herbert-1658750.html\" target=\"_blank\" rel=\"noopener noreferrer nofollow\">fait tomber le Fran\u00e7ais Pierre-Hugues Herbert<\/a> au 1er tour. L&rsquo;Australien a sorti un autre Am\u00e9ricain, Andr\u00e9 Ilagan (7-6, 7-6).<\/p>\n<p class=\"svelte-qfpp5o\">Il retrouvera en quarts de finale son compatriote Bernard Tomic, ancien 17e mondial, qui a sorti un joueur issu des qualifications, le N\u00e9oz\u00e9landais James Watt.<\/p>\n<p class=\"svelte-qfpp5o\">Le Fran\u00e7ais Arthur Gea s&rsquo;impose face \u00e0 l\u2019Argentin Facundo Diaz en deux sets (7-6, 6-3) et le finaliste de l\u2019an dernier, l\u2019australien Moerani Bouziges, s\u2019incline face \u00e0 au Canadien Liam Draxl.<\/p>\n","protected":false},"excerpt":{"rendered":"C\u2019est l&rsquo;un des joueurs les plus\u00a0costauds du tournoi ATP challenger de Noum\u00e9a. Cl\u00e9ment\u00a0Tabur, 1m73 pour\u00a073 kilos,\u00a0a d\u00e9ploy\u00e9 une&hellip;\n","protected":false},"author":2,"featured_media":648580,"comment_status":"","ping_status":"","sticky":false,"template":"","format":"standard","meta":{"footnotes":""},"categories":[1415],"tags":[1011,27,60,1467],"class_list":{"0":"post-648579","1":"post","2":"type-post","3":"status-publish","4":"format-standard","5":"has-post-thumbnail","7":"category-tennis","8":"tag-fr","9":"tag-france","10":"tag-sports","11":"tag-tennis"},"share_on_mastodon":{"url":"https:\/\/pubeurope.com\/@fr\/115857488800974903","error":""},"_links":{"self":[{"href":"https:\/\/www.europesays.com\/fr\/wp-json\/wp\/v2\/posts\/648579","targetHints":{"allow":["GET"]}}],"collection":[{"href":"https:\/\/www.europesays.com\/fr\/wp-json\/wp\/v2\/posts"}],"about":[{"href":"https:\/\/www.europesays.com\/fr\/wp-json\/wp\/v2\/types\/post"}],"author":[{"embeddable":true,"href":"https:\/\/www.europesays.com\/fr\/wp-json\/wp\/v2\/users\/2"}],"replies":[{"embeddable":true,"href":"https:\/\/www.europesays.com\/fr\/wp-json\/wp\/v2\/comments?post=648579"}],"version-history":[{"count":0,"href":"https:\/\/www.europesays.com\/fr\/wp-json\/wp\/v2\/posts\/648579\/revisions"}],"wp:featuredmedia":[{"embeddable":true,"href":"https:\/\/www.europesays.com\/fr\/wp-json\/wp\/v2\/media\/648580"}],"wp:attachment":[{"href":"https:\/\/www.europesays.com\/fr\/wp-json\/wp\/v2\/media?parent=648579"}],"wp:term":[{"taxonomy":"category","embeddable":true,"href":"https:\/\/www.europesays.com\/fr\/wp-json\/wp\/v2\/categories?post=648579"},{"taxonomy":"post_tag","embeddable":true,"href":"https:\/\/www.europesays.com\/fr\/wp-json\/wp\/v2\/tags?post=648579"}],"curies":[{"name":"wp","href":"https:\/\/api.w.org\/{rel}","templated":true}]}}