{"id":648589,"date":"2026-01-08T04:11:12","date_gmt":"2026-01-08T04:11:12","guid":{"rendered":"https:\/\/www.europesays.com\/fr\/648589\/"},"modified":"2026-01-08T04:11:12","modified_gmt":"2026-01-08T04:11:12","slug":"joselito-michaud-sexprime-sur-la-saga-entre-celine-dion-et-lara-fabian","status":"publish","type":"post","link":"https:\/\/www.europesays.com\/fr\/648589\/","title":{"rendered":"Jos\u00e9lito Michaud s\u2019exprime sur la saga entre C\u00e9line Dion et Lara Fabian"},"content":{"rendered":"<p><strong>Jos\u00e9lito Michaud s\u2019est exprim\u00e9 publiquement sur la saga opposant C\u00e9line Dion et Lara Fabian, qui date des ann\u00e9es\u00a090. \u00abPeu importe ce qui s\u2019est pass\u00e9 dans le pass\u00e9, ce sont deux talents exceptionnels et chacune a eu droit \u00e0 son destin\u00bb, \u00e9crit l\u2019ancien impresario, en l\u00e9gende d\u2019une photo souvenir de lui en compagnie des deux divas.<\/strong><\/p>\n<p class=\"toreadalso-fromEMP\"><strong>\u2022 \u00c0 lire aussi: <\/strong><a href=\"https:\/\/www.lesacdechips.com\/2026\/01\/06\/celine-dion-aurait-bloque-lara-fabian-aux-etats-unis-selon-un-nouveau-livre\" target=\"549c9afa-a3c1-4a7b-ac6c-7edbaf6bb1b9\" rel=\"noopener\"><strong>C\u00e9line Dion aurait bloqu\u00e9 la carri\u00e8re de Lara Fabian aux \u00c9tats-Unis<\/strong><\/a><\/p>\n<p class=\"toreadalso-fromEMP\"><strong>\u2022 \u00c0 lire aussi: <\/strong><a href=\"https:\/\/www.journaldequebec.com\/2026\/01\/06\/bloquee-par-celine-dion--lara-fabian-ne-croit-pas-a-une-rivalite\" target=\"9425839d-7099-49e4-82fc-3e92970104d8\" rel=\"noopener\"><strong>Bloqu\u00e9e par C\u00e9line Dion? Lara Fabian ne croit pas \u00e0 une rivalit\u00e9<\/strong><\/a><\/p>\n<p>Jos\u00e9lito Michaud a publi\u00e9 un clich\u00e9 datant de 1990, qu\u2019il d\u00e9crit comme une rare photo de lui \u00e0 l\u2019\u00e2ge de 26\u00a0ans, o\u00f9 on le voit avec C\u00e9line Dion et Lara Fabian. Cette photo a \u00e9t\u00e9 croqu\u00e9e pendant qu\u2019il couvrait le Gala de l\u2019ADISQ, alors qu\u2019il \u00e9tait journaliste \u00e0 la radio de Radio-Canada Matane.\u00a0<\/p>\n<p>\u00abImpressionn\u00e9 de prendre cette photo avec ces deux immenses voix au potentiel international\u00bb, \u00e9crit-il sur sa page Facebook.\u00a0<\/p>\n<p>\u00abAujourd\u2019hui, dans un livre \u00e0 para\u00eetre sous peu, on d\u00e9voile qu\u2019il y a une r\u00e9elle rivalit\u00e9 entre ces deux monstres sacr\u00e9s de la chanson et que \u00e7a date d\u2019Eurovision, alors que C\u00e9line avait remport\u00e9 la premi\u00e8re place, Lara s\u2019\u00e9tait content\u00e9e de la quatri\u00e8me place. C\u2019\u00e9tait 1988. Deux ans avant cette photo de nous\u00a03\u00bb, \u00e9crit celui qui a r\u00e9cemment pris sous son aile le magicien Luc Langevin.<\/p>\n<p>\u00abPeu importe ce qui s\u2019est pass\u00e9 dans le pass\u00e9, ce sont deux talents exceptionnels et chacune a eu droit \u00e0 son destin. C\u2019est l\u2019essentiel\u00bb, poursuit-il.<\/p>\n<\/p>\n<p>  Un livre attendu<\/p>\n<p>On apprenait plus t\u00f4t cette semaine que C\u00e9line Dion, tandis qu\u2019elle \u00e9tait au sommet de sa gloire, a menac\u00e9 de quitter Sony Music lorsqu\u2019elle a appris que la maison de disques souhaitait offrir un contrat \u00e0 Lara Fabian pour lancer sa carri\u00e8re aux \u00c9tats-Unis.<\/p>\n<p>Cette d\u00e9claration se retrouve dans le livre du producteur de musique Vito Luprano, ancien acolyte de Ren\u00e9 Ang\u00e9lil: It\u2019s All Coming Back To Me&#8230; De mes humbles d\u00e9buts \u00e0 la vraie histoire derri\u00e8re la carri\u00e8re de C\u00e9line Dion.<\/p>\n<p class=\"toreadalso-fromEMP\"><strong>\u2022 \u00c0 lire aussi: <\/strong><a href=\"https:\/\/www.journaldemontreal.com\/2026\/01\/06\/celine-dion-est-maintenant-sur-tiktok-pour-etre-cool-aux-yeux-de-ses-enfants\" target=\"7cd4f515-5a8f-4af0-9459-c5243b06fb4e\" rel=\"noopener\"><strong>C\u00e9line Dion est maintenant sur TikTok (pour \u00eatre cool aux yeux de ses enfants)<\/strong><\/a><\/p>\n<p>Le livre, qui fait d\u00e9j\u00e0 grand bruit et dont le contenu aurait \u00e9t\u00e9 approuv\u00e9 par C\u00e9line Dion, sera publi\u00e9 le 12\u00a0janvier prochain.\u00a0<\/p>\n","protected":false},"excerpt":{"rendered":"Jos\u00e9lito Michaud s\u2019est exprim\u00e9 publiquement sur la saga opposant C\u00e9line Dion et Lara Fabian, qui date des ann\u00e9es\u00a090.&hellip;\n","protected":false},"author":2,"featured_media":648590,"comment_status":"","ping_status":"","sticky":false,"template":"","format":"standard","meta":{"footnotes":""},"categories":[1355],"tags":[58,59,1011,27,1361,873],"class_list":{"0":"post-648589","1":"post","2":"type-post","3":"status-publish","4":"format-standard","5":"has-post-thumbnail","7":"category-musique","8":"tag-divertissement","9":"tag-entertainment","10":"tag-fr","11":"tag-france","12":"tag-music","13":"tag-musique"},"share_on_mastodon":{"url":"https:\/\/pubeurope.com\/@fr\/115857528505699192","error":""},"_links":{"self":[{"href":"https:\/\/www.europesays.com\/fr\/wp-json\/wp\/v2\/posts\/648589","targetHints":{"allow":["GET"]}}],"collection":[{"href":"https:\/\/www.europesays.com\/fr\/wp-json\/wp\/v2\/posts"}],"about":[{"href":"https:\/\/www.europesays.com\/fr\/wp-json\/wp\/v2\/types\/post"}],"author":[{"embeddable":true,"href":"https:\/\/www.europesays.com\/fr\/wp-json\/wp\/v2\/users\/2"}],"replies":[{"embeddable":true,"href":"https:\/\/www.europesays.com\/fr\/wp-json\/wp\/v2\/comments?post=648589"}],"version-history":[{"count":0,"href":"https:\/\/www.europesays.com\/fr\/wp-json\/wp\/v2\/posts\/648589\/revisions"}],"wp:featuredmedia":[{"embeddable":true,"href":"https:\/\/www.europesays.com\/fr\/wp-json\/wp\/v2\/media\/648590"}],"wp:attachment":[{"href":"https:\/\/www.europesays.com\/fr\/wp-json\/wp\/v2\/media?parent=648589"}],"wp:term":[{"taxonomy":"category","embeddable":true,"href":"https:\/\/www.europesays.com\/fr\/wp-json\/wp\/v2\/categories?post=648589"},{"taxonomy":"post_tag","embeddable":true,"href":"https:\/\/www.europesays.com\/fr\/wp-json\/wp\/v2\/tags?post=648589"}],"curies":[{"name":"wp","href":"https:\/\/api.w.org\/{rel}","templated":true}]}}