{"id":648603,"date":"2026-01-08T04:18:12","date_gmt":"2026-01-08T04:18:12","guid":{"rendered":"https:\/\/www.europesays.com\/fr\/648603\/"},"modified":"2026-01-08T04:18:12","modified_gmt":"2026-01-08T04:18:12","slug":"a-lyon-les-agriculteurs-toujours-mobilises","status":"publish","type":"post","link":"https:\/\/www.europesays.com\/fr\/648603\/","title":{"rendered":"\u00e0 Lyon, les agriculteurs toujours mobilis\u00e9s"},"content":{"rendered":"\n<p class=\"c-chapo \">\n  En plein bras de fer avec Bruxelles, Paris a publi\u00e9 un arr\u00eat\u00e9 suspendant les importations en France de produits agricoles sud-am\u00e9ricains trait\u00e9s avec des pesticides non autoris\u00e9s dans l&rsquo;UE.\n<\/p>\n<p>      lire plus tard<\/p>\n<p id=\"dialog__title\" class=\"dialog__title\">Pour sauvegarder cet article, connectez-vous ou cr\u00e9ez un compte franceinfo<\/p>\n<p class=\"dialog__description\">Sans paiement. Sans abonnement.<\/p>\n<p>        Fermer la fen\u00eatre d\u2019activation des notifications France Info<\/p>\n<p>      cr\u00e9er votre compte<\/p>\n<p>      se connecter<\/p>\n<p>      :<\/p>\n<p>        Fermer la fen\u00eatre de pr\u00e9sentation<\/p>\n<p>    <img loading=\"lazy\" decoding=\"async\" class=\"signature__image lazyload\" width=\"100\" height=\"100\" data- alt=\"\" src=\"https:\/\/www.europesays.com\/fr\/wp-content\/uploads\/2025\/05\/64a7df4c5fe71_placeholder-36b69ec8.png\"\/><\/p>\n<p>    Publi\u00e9 le 07\/01\/2026 19:25<\/p>\n<p>        Temps de lecture : 3min<\/p>\n<p>    <img decoding=\"async\"  alt=\"La M7, \u00e0 Lyon, est bloqu\u00e9e par des agriculteurs depuis le 5 janvier 2026. (NICOLAS LIPONNE \/ MAXPPP)\" width=\"432\" height=\"243\" src=\"https:\/\/www.europesays.com\/fr\/wp-content\/uploads\/2026\/01\/mercosur-695ea0e88b5d7995222771.jpg\" fetchpriority=\"high\"\/><\/p>\n<p>      La M7, \u00e0 Lyon, est bloqu\u00e9e par des agriculteurs depuis le 5 janvier 2026. (NICOLAS LIPONNE \/ MAXPPP)<\/p>\n<p>\u00ab\u00a0Le combat sera men\u00e9 jusqu&rsquo;au bout\u00a0\u00bb, <a href=\"https:\/\/www.franceinfo.fr\/replay-radio\/8h30-fauvelle-dely\/crise-agricole-traite-du-mercosur-salon-de-l-agriculture-le-8h30-franceinfo-d-annie-genevard_7699357.html\" target=\"_self\" rel=\"noopener noreferrer nofollow\" data-tooltip-url=\"https:\/\/www.franceinfo.fr\/replay-radio\/8h30-fauvelle-dely\/crise-agricole-traite-du-mercosur-salon-de-l-agriculture-le-8h30-franceinfo-d-annie-genevard_7699357.html\">affirme Annie Genevard, la ministre de l&rsquo;Agriculture,<\/a> au sujet du trait\u00e9 avec le Mercosur. Alors qu&rsquo;une <a href=\"https:\/\/www.franceinfo.fr\/economie\/crise\/blocus-des-agriculteurs\/accord-avec-le-mercosur-la-commission-europeenne-prete-a-des-concessions-pour-convaincre-les-pays-sceptiques_7726354.html\" target=\"_self\" rel=\"noopener noreferrer nofollow\" data-tooltip-url=\"https:\/\/www.franceinfo.fr\/economie\/crise\/blocus-des-agriculteurs\/accord-avec-le-mercosur-la-commission-europeenne-prete-a-des-concessions-pour-convaincre-les-pays-sceptiques_7726354.html\">r\u00e9union exceptionnelle des ministres europ\u00e9ens de l&rsquo;Agriculture<\/a> se d\u00e9roule, mercredi\u00a07 janvier, \u00e0 propos de l&rsquo;accord commercial avec les pays d&rsquo;Am\u00e9rique latine, la France est d\u00e9sormais minoritaire dans son opposition \u00e0 ce projet.<\/p>\n<p><a href=\"https:\/\/www.franceinfo.fr\/economie\/crise\/blocus-des-agriculteurs\/crise-agricole-l-accord-avec-le-mercosur-demeurera-inacceptable-previennent-les-jeunes-agriculteurs-recus-a-matignon_7722310.html\" target=\"_self\" rel=\"noopener noreferrer nofollow\" data-tooltip-url=\"https:\/\/www.franceinfo.fr\/economie\/crise\/blocus-des-agriculteurs\/crise-agricole-l-accord-avec-le-mercosur-demeurera-inacceptable-previennent-les-jeunes-agriculteurs-recus-a-matignon_7722310.html\">Les agriculteurs sont vent debout<\/a> contre cet accord, qui instaurerait, selon eux, une concurrence d\u00e9loyale entre producteurs fran\u00e7ais et sud-am\u00e9ricains, notamment en termes d&rsquo;utilisation de pesticides. Paris a fait monter la pression sur Bruxelles en publiant un arr\u00eat\u00e9 suspendant les importations en France de produits agricoles sud-am\u00e9ricains, comme les avocats, les goyaves et les mangues, trait\u00e9s avec des fongicides et herbicides non autoris\u00e9s dans l&rsquo;UE. Comment r\u00e9agissent les premiers concern\u00e9s mobilis\u00e9s sur le terrain\u00a0?<\/p>\n<p>Au sud de Lyon, les agriculteurs tiennent, depuis lundi \u00e0 l&rsquo;aube, le blocage sur la M7. Install\u00e9s au milieu d&rsquo;une deux fois deux voies, ils tentent de se r\u00e9chauffer aupr\u00e8s d&rsquo;un chauffage d&rsquo;appoint sous un grand barnum blanc, et deviennent moqueurs face \u00e0 la derni\u00e8re annonce du gouvernement. \u00ab\u00a0C&rsquo;est un peu comme si je disais que je vais aller \u00e9ponger le Rh\u00f4ne avec un gobelet de deux centilitres parce qu&rsquo;ils annoncent 300 millim\u00e8tres d&rsquo;eau. L\u00e0, c&rsquo;est n&rsquo;importe quoi, tout \u00e7a, c&rsquo;est de la foutaise\u00a0\u00bb, persifle Thierry S\u00e9n\u00e9clauze, agriculteur dans la Dr\u00f4me.<\/p>\n<blockquote class=\"ftvi_content_quote\">\n<p class=\"ftvi_citation_quote\">\u00ab\u00a0La p\u00eache sera impossible \u00e0 produire en France, en bio ou en conventionnel, en 2026, parce qu&rsquo;on n&rsquo;a plus rien pour lutter contre le puceron, on n&rsquo;a plus rien pour lutter contre la cloque.\u00a0\u00bb<\/p>\n<p>Bruno Ferret, mara\u00eecher dans le Rh\u00f4ne<\/p>\n<p class=\"ftvi_citation_source\">\u00e0 franceinfo<\/p>\n<\/blockquote>\n<p>Bruno Ferret, mara\u00eecher pr\u00e8s de Lyon, serait, lui, directement concern\u00e9 par la suspension de l&rsquo;importation de fruits trait\u00e9s avec des produits non autoris\u00e9s dans l&rsquo;UE, sauf que \u00ab\u00a0ce ne sont que des choses qu&rsquo;on ne produit pas en France, donc il n&rsquo;y a aucun impact\u00a0\u00bb, souligne-t-il. \u00ab\u00a0Le gros probl\u00e8me qu&rsquo;on a en fruits et l\u00e9gumes, reprend le mara\u00eecher, ce sont les importations directes de nos pays voisins, donc d&rsquo;Espagne et d&rsquo;Italie, qui n&rsquo;ont pas du tout les m\u00eames r\u00e8gles. Le Mercosur, c&rsquo;est la goutte d&rsquo;eau qui fait d\u00e9border le vase. C&rsquo;est une augmentation de ce qu&rsquo;on subit d\u00e9j\u00e0 depuis des ann\u00e9es avec nos pays limitrophes.\u00a0\u00bb<\/p>\n<p>Lorsque la pr\u00e9f\u00e8te du Rh\u00f4ne, Fabienne Buccio, vient vers eux pour une prise de contact, les agriculteurs lui listent les phytosanitaires en question, et qui leur manquent. \u00ab\u00a0Tant qu&rsquo;il y a de la vie, il y a de l&rsquo;espoir\u00a0\u00bb, leur lance la repr\u00e9sentante de l&rsquo;\u00c9tat. \u00ab\u00a0Mais le probl\u00e8me, c&rsquo;est qu&rsquo;on va bient\u00f4t ne plus \u00eatre en vie\u00a0\u00bb, lui r\u00e9torque-t-on.<\/p>\n<blockquote class=\"ftvi_content_quote\">\n<p class=\"ftvi_citation_quote\">\u00ab\u00a0C&rsquo;est d\u00e9j\u00e0 un pas important.\u00a0\u00bb  <\/p>\n<p>Fabienne Buccio, pr\u00e9f\u00e8te du Rh\u00f4ne<\/p>\n<p class=\"ftvi_citation_source\">face aux agriculteurs<\/p>\n<\/blockquote>\n<p>La pr\u00e9f\u00e8te tente d&rsquo;expliciter les derniers positionnements de la France et donc la suspension de certaines importations\u00a0: \u00ab\u00a0C&rsquo;est ce qu&rsquo;on appelle les mesures miroirs, de mani\u00e8re \u00e0 ce que dans notre pays, on ne re\u00e7oive pas de produits qui auraient b\u00e9n\u00e9fici\u00e9 de traitements interdits chez nous. \u00c7a semble normal et de la bonne intelligence, mais il faut le faire et ce n&rsquo;est pas si simple. Il y a aussi l&rsquo;annonce d&rsquo;une brigade sp\u00e9cialis\u00e9e pour effectuer ces contr\u00f4les-l\u00e0, sur les produits qui entrent chez nous. On parle aussi des sujets europ\u00e9ens, c&rsquo;est pour \u00e7a que la ministre, d&rsquo;ailleurs, demande que tous les pays europ\u00e9ens soient soumis aux m\u00eames d\u00e9cisions.\u00a0\u00bb<\/p>\n<p>Il n&rsquo;y a pas eu d&rsquo;avanc\u00e9e imm\u00e9diate \u00e0 l&rsquo;issue de la rencontre, mais des arguments ont \u00e9t\u00e9 \u00e9chang\u00e9s dans le calme de part et d&rsquo;autre. Et le blocage se poursuit, tandis que les automobilistes prennent leur mal en patience sur les itin\u00e9raires bis.<\/p>\n","protected":false},"excerpt":{"rendered":"En plein bras de fer avec Bruxelles, Paris a publi\u00e9 un arr\u00eat\u00e9 suspendant les importations en France de&hellip;\n","protected":false},"author":2,"featured_media":648604,"comment_status":"","ping_status":"","sticky":false,"template":"","format":"standard","meta":{"footnotes":""},"categories":[5],"tags":[11,1011,27,14,12,28],"class_list":{"0":"post-648603","1":"post","2":"type-post","3":"status-publish","4":"format-standard","5":"has-post-thumbnail","7":"category-international","8":"tag-actualites","9":"tag-fr","10":"tag-france","11":"tag-international","12":"tag-news","13":"tag-world"},"share_on_mastodon":{"url":"https:\/\/pubeurope.com\/@fr\/115857555878835996","error":""},"_links":{"self":[{"href":"https:\/\/www.europesays.com\/fr\/wp-json\/wp\/v2\/posts\/648603","targetHints":{"allow":["GET"]}}],"collection":[{"href":"https:\/\/www.europesays.com\/fr\/wp-json\/wp\/v2\/posts"}],"about":[{"href":"https:\/\/www.europesays.com\/fr\/wp-json\/wp\/v2\/types\/post"}],"author":[{"embeddable":true,"href":"https:\/\/www.europesays.com\/fr\/wp-json\/wp\/v2\/users\/2"}],"replies":[{"embeddable":true,"href":"https:\/\/www.europesays.com\/fr\/wp-json\/wp\/v2\/comments?post=648603"}],"version-history":[{"count":0,"href":"https:\/\/www.europesays.com\/fr\/wp-json\/wp\/v2\/posts\/648603\/revisions"}],"wp:featuredmedia":[{"embeddable":true,"href":"https:\/\/www.europesays.com\/fr\/wp-json\/wp\/v2\/media\/648604"}],"wp:attachment":[{"href":"https:\/\/www.europesays.com\/fr\/wp-json\/wp\/v2\/media?parent=648603"}],"wp:term":[{"taxonomy":"category","embeddable":true,"href":"https:\/\/www.europesays.com\/fr\/wp-json\/wp\/v2\/categories?post=648603"},{"taxonomy":"post_tag","embeddable":true,"href":"https:\/\/www.europesays.com\/fr\/wp-json\/wp\/v2\/tags?post=648603"}],"curies":[{"name":"wp","href":"https:\/\/api.w.org\/{rel}","templated":true}]}}