{"id":648607,"date":"2026-01-08T04:20:29","date_gmt":"2026-01-08T04:20:29","guid":{"rendered":"https:\/\/www.europesays.com\/fr\/648607\/"},"modified":"2026-01-08T04:20:29","modified_gmt":"2026-01-08T04:20:29","slug":"les-funerailles-de-brigitte-bardot-ont-eu-lieu-dans-lintimite-a-saint-tropez","status":"publish","type":"post","link":"https:\/\/www.europesays.com\/fr\/648607\/","title":{"rendered":"Les fun\u00e9railles de Brigitte Bardot ont eu lieu dans l&rsquo;intimit\u00e9 \u00e0 Saint-Tropez"},"content":{"rendered":"<p>Les obs\u00e8ques de l&rsquo;ancienne actrice Brigitte Bardot, devenue figure politique controvers\u00e9e, se sont tenues mercredi \u00e0 Saint-Tropez, dans le sud de la France, deux semaines apr\u00e8s son d\u00e9c\u00e8s \u00e0 91 ans des suites d&rsquo;un cancer. La c\u00e9r\u00e9monie a eu lieu en pr\u00e9sence de son fils et de plusieurs c\u00e9l\u00e9brit\u00e9s ou figures politiques, dont Marine Le Pen.<\/p>\n<p>Deux semaines apr\u00e8s le d\u00e9c\u00e8s de Brigitte Bardot, son cercueil en osier recouvert de rotin a \u00e9t\u00e9 accueilli par son fils \u2013 avec qui elle entretenait des relations compliqu\u00e9es et dont la pr\u00e9sence \u00e9tait incertaine \u2013 dans cette station hupp\u00e9e de la c\u00f4te d&rsquo;Azur boucl\u00e9e pour l&rsquo;occasion.<\/p>\n<p>Le cercueil est ensuite entr\u00e9 dans la pittoresque \u00e9glise Notre-Dame de l&rsquo;Assomption, au son du Casta Diva de Bellini chant\u00e9 par Maria Callas, et a \u00e9t\u00e9 pos\u00e9 pr\u00e8s d&rsquo;un grand portrait de celle qui fut un sex-symbol plan\u00e9taire, juste en dessous un immense coeur parsem\u00e9 de tournesols.<\/p>\n<p> <img decoding=\"async\" src=\"https:\/\/www.europesays.com\/fr\/wp-content\/uploads\/2026\/01\/hoyh6z-29110904.image.jpeg\" alt=\"Le cercueil de Brigitte Bardot. [AFP - VALERY HACHE]\" title=\"Le cercueil de Brigitte Bardot. [AFP - VALERY HACHE]\" loading=\"lazy\"\/>  Le cercueil de Brigitte Bardot. [AFP &#8211; VALERY HACHE] C\u00e9r\u00e9monie \u00ab\u00a0sans chichi\u00a0\u00bb<\/p>\n<p>Apr\u00e8s l&rsquo;\u00e9glise, la procession s&rsquo;est rendue au cimeti\u00e8re marin pour une inhumation strictement priv\u00e9e face \u00e0 la M\u00e9diterran\u00e9e, non loin de La Madrague, maison de p\u00eacheur o\u00f9 elle a v\u00e9cu et s&rsquo;est \u00e9teinte. Elle y a \u00e9t\u00e9 enterr\u00e9e en compagnie de ses parents et grands-parents, et non loin de Roger Vadim, son premier mari qui en avait fait une star internationale avec \u00ab\u00a0Et Dieu&#8230; cr\u00e9a la femme\u00a0\u00bb.<\/p>\n<p>Comme un symbole de la vie de celle qui fut longtemps traqu\u00e9e par les paparazzis, le p\u00e8re Jean-Paul Gouarin a ouvert la c\u00e9r\u00e9monie religieuse en demandant \u00e0 l&rsquo;assistance de ranger les portables et ne pas prendre de photos.<\/p>\n<p>La star souhaitait des fun\u00e9railles \u00ab\u00a0sans chichi\u00a0\u00bb, avec des fleurs simples et champ\u00eatres et une liste d&rsquo;invit\u00e9s soigneusement s\u00e9lectionn\u00e9s par ses proches et sa fondation pour la protection des animaux, pour laquelle elle avait tourn\u00e9 le dos au cin\u00e9ma au sommet de sa gloire, \u00e0 38 ans.<\/p>\n<p>Panel d&rsquo;invit\u00e9s parfois sulfureux<\/p>\n<p>Ainsi, parmi les invit\u00e9es et invit\u00e9s notables figuraient, entre autres, la chanteuse Mireille Mathieu; l&rsquo;humoriste et acteur Rapha\u00ebl Mezrahi; le guitariste des Gipsy Kings Chico, qui la qualifiait de \u00ab\u00a0grande soeur d&rsquo;\u00e2me\u00a0\u00bb; ou encore le d\u00e9fenseur controvers\u00e9 des baleines Paul Watson.<\/p>\n<p>C\u00f4t\u00e9 politique, la cheffe du Rassemblement national Marine Le Pen ou le souverainiste d&rsquo;extr\u00eame droite Nicolas Dupont-Aignan \u00e9taient pr\u00e9sents \u00e0 \u00ab\u00a0titre amical\u00a0\u00bb. Le gouvernement fran\u00e7ais \u00e9tait repr\u00e9sent\u00e9 par Aurore Berg\u00e9, ministre d\u00e9l\u00e9gu\u00e9e \u00e0 l&rsquo;Egalit\u00e9 femmes-hommes. Emmanuel Macron, que l&rsquo;actrice n&rsquo;appr\u00e9ciait gu\u00e8re, a fait porter avec son \u00e9pouse une large gerbe.<\/p>\n<p>Notoirement conservatrice et proche de l&rsquo;extr\u00eame droite, l&rsquo;ancienne actrice, qui fut aussi en son temps une ic\u00f4ne d&rsquo;\u00e9mancipation sexuelle, avait \u00e9t\u00e9 plusieurs fois condamn\u00e9e pour des propos racistes et homophobes.<\/p>\n<p> <img decoding=\"async\" src=\"https:\/\/www.europesays.com\/fr\/wp-content\/uploads\/2026\/01\/g4jh8a-29110916.image.jpeg\" alt=\"Parmi les invit\u00e9es et invit\u00e9s notables figuraient, entre autres, la chanteuse Mireille Mathieu. [AFP - THIBAUD MORITZ]\" title=\"Parmi les invit\u00e9es et invit\u00e9s notables figuraient, entre autres, la chanteuse Mireille Mathieu. [AFP - THIBAUD MORITZ]\" loading=\"lazy\"\/>  Parmi les invit\u00e9es et invit\u00e9s notables figuraient, entre autres, la chanteuse Mireille Mathieu. [AFP &#8211; THIBAUD MORITZ] Un millier de personnes sur le port<\/p>\n<p>Si l&rsquo;enterrement a eu lieu, pour l&rsquo;essentiel, \u00e0 l&rsquo;abri des regards, un \u00e9cran a retransmis la c\u00e9r\u00e9monie sur le port de Saint-Tropez, localit\u00e9 que la c\u00e9l\u00e9brit\u00e9 de \u00ab\u00a0BB\u00a0\u00bb a propuls\u00e9 au premier rang de la jet-set internationale, au grand dam de l&rsquo;actrice qui regrettait qu&rsquo;il soit devenu \u00ab\u00a0une ville de milliardaires\u00a0\u00bb.<\/p>\n<p>Par un froid piquant, environ un millier de personnes \u00e9taient rassembl\u00e9es. \u00ab\u00a0Je pensais qu&rsquo;il y aurait du monde partout, je suis \u00e9tonn\u00e9e\u00a0\u00bb, a t\u00e9moign\u00e9 une femme venue expr\u00e8s des Pyr\u00e9n\u00e9es orientales. \u00ab\u00a0Mais elle a \u00e9t\u00e9 tellement critiqu\u00e9e depuis sa mort. Moi, je retiens surtout ce qu&rsquo;elle a fait pour les animaux\u00a0\u00bb.<\/p>\n<p><strong class=\"inline-title\">&gt;&gt; Lire\u00a0: <\/strong><a href=\"https:\/\/www.rts.ch\/info\/culture\/cinema\/2025\/article\/brigitte-bardot-icone-du-cinema-francais-s-eteint-a-91-ans-29101956.html\" data-item-id=\"richtext_link\" target=\"_blank\" rel=\"noopener\">L&rsquo;actrice fran\u00e7aise Brigitte Bardot est morte \u00e0 l&rsquo;\u00e2ge de 91 ans<\/a><\/p>\n<p class=\"sources\">jop avec afp<\/p>\n","protected":false},"excerpt":{"rendered":"Les obs\u00e8ques de l&rsquo;ancienne actrice Brigitte Bardot, devenue figure politique controvers\u00e9e, se sont tenues mercredi \u00e0 Saint-Tropez, dans&hellip;\n","protected":false},"author":2,"featured_media":648608,"comment_status":"","ping_status":"","sticky":false,"template":"","format":"standard","meta":{"footnotes":""},"categories":[2],"tags":[253,11,1693,20224,101,3983,38031,1011,27,430,74,12,883,316,20592,104,17938],"class_list":{"0":"post-648607","1":"post","2":"type-post","3":"status-publish","4":"format-standard","5":"has-post-thumbnail","7":"category-actualites","8":"tag-acteur","9":"tag-actualites","10":"tag-arts-et-divertissement","11":"tag-brigitte-bardot","12":"tag-cancer","13":"tag-deces","14":"tag-fin-de-vie-et-mort","15":"tag-fr","16":"tag-france","17":"tag-marine-le-pen","18":"tag-monde","19":"tag-news","20":"tag-paca","21":"tag-politique","22":"tag-saint-tropez","23":"tag-societe","24":"tag-valeurs"},"share_on_mastodon":{"url":"https:\/\/pubeurope.com\/@fr\/115857563774953526","error":""},"_links":{"self":[{"href":"https:\/\/www.europesays.com\/fr\/wp-json\/wp\/v2\/posts\/648607","targetHints":{"allow":["GET"]}}],"collection":[{"href":"https:\/\/www.europesays.com\/fr\/wp-json\/wp\/v2\/posts"}],"about":[{"href":"https:\/\/www.europesays.com\/fr\/wp-json\/wp\/v2\/types\/post"}],"author":[{"embeddable":true,"href":"https:\/\/www.europesays.com\/fr\/wp-json\/wp\/v2\/users\/2"}],"replies":[{"embeddable":true,"href":"https:\/\/www.europesays.com\/fr\/wp-json\/wp\/v2\/comments?post=648607"}],"version-history":[{"count":0,"href":"https:\/\/www.europesays.com\/fr\/wp-json\/wp\/v2\/posts\/648607\/revisions"}],"wp:featuredmedia":[{"embeddable":true,"href":"https:\/\/www.europesays.com\/fr\/wp-json\/wp\/v2\/media\/648608"}],"wp:attachment":[{"href":"https:\/\/www.europesays.com\/fr\/wp-json\/wp\/v2\/media?parent=648607"}],"wp:term":[{"taxonomy":"category","embeddable":true,"href":"https:\/\/www.europesays.com\/fr\/wp-json\/wp\/v2\/categories?post=648607"},{"taxonomy":"post_tag","embeddable":true,"href":"https:\/\/www.europesays.com\/fr\/wp-json\/wp\/v2\/tags?post=648607"}],"curies":[{"name":"wp","href":"https:\/\/api.w.org\/{rel}","templated":true}]}}