{"id":648610,"date":"2026-01-08T04:22:18","date_gmt":"2026-01-08T04:22:18","guid":{"rendered":"https:\/\/www.europesays.com\/fr\/648610\/"},"modified":"2026-01-08T04:22:18","modified_gmt":"2026-01-08T04:22:18","slug":"cest-lannee-zero-de-ma-nouvelle-vie-gilles-rossary-lenglet-incarcere-a-lyon-corbas","status":"publish","type":"post","link":"https:\/\/www.europesays.com\/fr\/648610\/","title":{"rendered":"\u00ab\u00a0C&rsquo;est l&rsquo;ann\u00e9e z\u00e9ro de ma nouvelle vie\u00a0\u00bb, Gilles Rossary-Lenglet incarc\u00e9r\u00e9 \u00e0 Lyon-Corbas"},"content":{"rendered":"<p class=\"article__intro\">Gilles Rossary-Lenglet, l&rsquo;un des principaux protagonistes de l&rsquo;affaire dite du scandale de la sextape de Saint-Etienne, a \u00e9t\u00e9 incarc\u00e9r\u00e9 ce mercredi matin, 7 janvier 2026, \u00e0 la maison d&rsquo;arr\u00eat de Lyon-Corbas.<\/p>\n<p>\n      La Quotidienne Soci\u00e9t\u00e9\n    <\/p>\n<p>\n      De la vie quotidienne aux grands enjeux, recevez tous les jours les sujets qui font la soci\u00e9t\u00e9 locale, comme la justice, l\u2019\u00e9ducation, la sant\u00e9 et la famille.\n    <\/p>\n<p>    France T\u00e9l\u00e9visions utilise votre adresse e-mail afin de vous envoyer la newsletter \u00ab\u00a0La Quotidienne Soci\u00e9t\u00e9\u00a0\u00bb. Vous pouvez vous d\u00e9sinscrire \u00e0 tout moment via le lien en bas de cette newsletter. <a target=\"_blank\" href=\"https:\/\/www.francetelevisions.fr\/groupe\/confidentialite\/politique-de-confidentialite\/politique-de-confidentialite-de-france-televisions-6503\" rel=\"noopener\">Notre politique de confidentialit\u00e9<\/a><\/p>\n<p>Ce mercredi 7 janvier au matin, les principaux protagonistes du <a href=\"https:\/\/france3-regions.franceinfo.fr\/faits-divers\/chantage-a-la-sextape-a-saint-etienne\" target=\"_blank\" rel=\"noopener noreferrer nofollow\" data-tooltip-url=\"https:\/\/france3-regions.franceinfo.fr\/faits-divers\/chantage-a-la-sextape-a-saint-etienne\">scandale qui a \u00e9clabouss\u00e9 la mairie de Saint-Etienne <\/a>font leur entr\u00e9e en prison. \u00c0 commencer par l&rsquo;ancien maire <a href=\"https:\/\/france3-regions.franceinfo.fr\/auvergne-rhone-alpes\/loire\/saint-etienne\/chantage-a-la-sextape-gael-perdriau-ancien-maire-de-saint-etienne-annonce-son-incarceration-3277577.html\" target=\"_blank\" rel=\"noopener noreferrer nofollow\" data-tooltip-url=\"https:\/\/france3-regions.franceinfo.fr\/auvergne-rhone-alpes\/loire\/saint-etienne\/chantage-a-la-sextape-gael-perdriau-ancien-maire-de-saint-etienne-annonce-son-incarceration-3277577.html\">Ga\u00ebl Perdriau, incarc\u00e9r\u00e9 ce matin \u00e0 Bourg-en-Bresse, dans l&rsquo;Ain<\/a>.<br \/>Avec trois anciens membres de son entourage, ils ont \u00e9t\u00e9 reconnus coupables d&rsquo;avoir complot\u00e9 pour filmer Gilles Artigues \u00e0 son insu. Hasard du calendrier, c&rsquo;est le 5 janvier 2015, presque 11 ans jour pour jour, que Gilles Artigues, alors premier adjoint \u00e0 la mairie de Saint-Etienne, avait \u00e9t\u00e9 film\u00e9 \u00e0 son insu dans une chambre d&rsquo;h\u00f4tel \u00e0 Paris, en compagnie d&rsquo;un escort-boy. Un pi\u00e8ge qui s&rsquo;\u00e9tait referm\u00e9 sur l&rsquo;\u00e9lu st\u00e9phanois. La vid\u00e9o avait servi \u00e0 faire pression sur ce p\u00e8re de famille, fervent catholique, et \u00e0 le museler politiquement.<\/p>\n<p>Prison ferme \u00e0 Lyon-Corbas<\/p>\n<p>Un proc\u00e8s tr\u00e8s intense et tr\u00e8s technique s&rsquo;est d\u00e9roul\u00e9 devant le tribunal correctionnel de Lyon en septembre et les condamnations sont tomb\u00e9es le 1er d\u00e9cembre dernier. Les quatre pr\u00e9venus principaux ont tous \u00e9cop\u00e9 de peines de prison ferme avec ex\u00e9cution provisoire. Seuls quatre responsables associatifs ont \u00e9t\u00e9 relax\u00e9s. L&rsquo;autre figure incontournable de cette affaire, c&rsquo;est Gilles Rossary-Lenglet. Le quinquag\u00e9naire est l&rsquo;homme par qui a fait \u00e9clater le scandale, r\u00e9v\u00e9lant les dessous de l&rsquo;affaire \u00e0 M\u00e9diapart en ao\u00fbt 2022. Il s&rsquo;est toujours pr\u00e9sent\u00e9 comme l&rsquo;artisan de ce \u00ab\u00a0kompromat\u00a0\u00bb ou \u00ab\u00a0barbouzage de m\u0153urs\u00a0\u00bb.<\/p>\n<p><a data-article-figure=\"\" href=\"https:\/\/france3-regions.franceinfo.fr\/image\/i051A7QyGjo0nOCDAE_wbUW6C1I\/1920x1080\/regions\/2026\/01\/07\/titre-midi-affaire-perdriau-les-incarc-rations-00-00-15-00-695e702a88b31597787993.jpg\" data-pswp-width=\"1920\" data-pswp-height=\"1080\" target=\"_blank\" rel=\"noopener\"><\/p>\n<p>          <img width=\"600\" height=\"400\" class=\"article-image lazy\" data-src=\"https:\/\/www.europesays.com\/fr\/wp-content\/uploads\/2026\/01\/titre-midi-affaire-perdriau-les-incarc-rations-00-00-15-00-695e702a88b31597787993.jpg\" alt=\"Lyon-Corbas : Condamn\u00e9 \u00e0 une peine ferme dans le scandale de la Sextape \u00e0 Saint-Etienne le 1er d\u00e9cembre dernier, Gilles Rossary-Lenglet a fait son entr\u00e9e en prison ce mercredi 7 janvier 2026.\" fetchpriority=\"high\" as=\"image\"\/><\/p>\n<p>\n            Lyon-Corbas : Condamn\u00e9 \u00e0 une peine ferme dans le scandale de la Sextape \u00e0 Saint-Etienne le 1er d\u00e9cembre dernier, Gilles Rossary-Lenglet a fait son entr\u00e9e en prison ce mercredi 7 janvier 2026.<br \/>\n                           \u2022<br \/>\n                                      \u00a9 France tv\n                      <\/p>\n<p><\/a><\/p>\n<p>Ce matin, vers 10h, il est arriv\u00e9 seul et lourdement charg\u00e9 de ses effets personnels devant les grilles de la maison d&rsquo;arr\u00eat de Lyon-Corbas. Juste avant son entr\u00e9e, l&rsquo;homme, malade, s&rsquo;est dit pr\u00eat \u00e0 son incarc\u00e9ration. Fin d\u00e9cembre, Gilles Rossary-Lenglet n&rsquo;avait pas fait myst\u00e8re de la date et du lieu de son incarc\u00e9ration.<\/p>\n<p><a data-article-figure=\"\" href=\"https:\/\/france3-regions.franceinfo.fr\/image\/5zzFTh-wtH-YRJUeX7-RrAzzDqg\/1920x1080\/regions\/2026\/01\/07\/midi-affaire-perdriau-les-incarc-rations-00-01-00-00-695e6d3f120b9344111067.jpg\" data-pswp-width=\"1920\" data-pswp-height=\"1080\" target=\"_blank\" rel=\"noopener\"><\/p>\n<p>          <img width=\"600\" height=\"400\" class=\"article-image lazy\" data-src=\"https:\/\/www.europesays.com\/fr\/wp-content\/uploads\/2026\/01\/midi-affaire-perdriau-les-incarc-rations-00-01-00-00-695e6d3f120b9344111067.jpg\" alt=\"Gilles Rossary-Lenglet s'est pr\u00e9sent\u00e9 seul ce matin vers 10h \u00e0 la prison de Lyon-Corbas - 7\/1\/26\" fetchpriority=\"high\" as=\"image\"\/><\/p>\n<p>\n            Gilles Rossary-Lenglet s&rsquo;est pr\u00e9sent\u00e9 seul ce matin vers 10h \u00e0 la prison de Lyon-Corbas &#8211; 7\/1\/26<br \/>\n                           \u2022<br \/>\n                                      \u00a9 France tv\n                      <\/p>\n<p><\/a>\u00c9tat de sant\u00e9 fragile<\/p>\n<p>Ce dernier a reconnu avoir eu l&rsquo;id\u00e9e du pi\u00e8ge destin\u00e9 \u00e0 Gilles Artigues. Gilles Rossary-Lenglet assume les faits et la condamnation : \u00ab\u00a0C&rsquo;est un passage obligatoire\u00a0\u00bb, a-t-il d\u00e9clar\u00e9. \u00ab\u00a0Les acteurs de cette triste affaire \u00e9taient persuad\u00e9s que jamais je n&rsquo;irai d\u00e9noncer aupr\u00e8s de Mediapart et de la justice parce qu&rsquo;au bout il y avait la prison\u00a0\u00bb, ajoute-t-il. \u00ab\u00a0C&rsquo;est l&rsquo;ann\u00e9e z\u00e9ro de ma nouvelle vie, je vais payer ma dette\u00a0\u00bb, assure Gilles Rossary-Lenglet. Sa seule demande est d&rsquo;\u00eatre plac\u00e9 \u00e0 l&rsquo;isolement, arguant d&rsquo;un \u00e9tat de sant\u00e9 tr\u00e8s pr\u00e9caire et de graves risques encourus.\u00a0\u00bbObligatoirement, il y aura quelques am\u00e9nagements, non par rapport \u00e0 moi Gilles Rossary-Lenglet, mais par rapport \u00e0 mes pathologies,\u00a0\u00bb explique-t-il.<\/p>\n<p>Gilles Rossary-Lenglet a \u00e9cop\u00e9 d&rsquo;une peine de quatre ann\u00e9es de prison, dont trois ans derri\u00e8re les barreaux, comme son ex-compagnon Samy Kefi-J\u00e9r\u00f4me, ancien adjoint \u00e0 l&rsquo;Education de Saint-Etienne. Ils ont fait appel. Seul l&rsquo;ancien directeur de cabinet du maire, Pierre Gauttieri, qui a re\u00e7u une peine de quatre ans de prison, dont deux ans ferme, n&rsquo;a pas interjet\u00e9 appel.<\/p>\n<p>Article r\u00e9dig\u00e9 \u00e0 partir du reportage de S.Meallier et M.Arrez.<\/p>\n","protected":false},"excerpt":{"rendered":"Gilles Rossary-Lenglet, l&rsquo;un des principaux protagonistes de l&rsquo;affaire dite du scandale de la sextape de Saint-Etienne, a \u00e9t\u00e9&hellip;\n","protected":false},"author":2,"featured_media":648611,"comment_status":"","ping_status":"","sticky":false,"template":"","format":"standard","meta":{"footnotes":""},"categories":[9653],"tags":[1111,11,2430,1777,674,1011,27,12,25,4001],"class_list":{"0":"post-648610","1":"post","2":"type-post","3":"status-publish","4":"format-standard","5":"has-post-thumbnail","7":"category-saint-etienne","8":"tag-actu","9":"tag-actualites","10":"tag-auvergne-rhone-alpes","11":"tag-eu","12":"tag-europe","13":"tag-fr","14":"tag-france","15":"tag-news","16":"tag-republique-francaise","17":"tag-saint-etienne"},"share_on_mastodon":{"url":"https:\/\/pubeurope.com\/@fr\/115857571369840720","error":""},"_links":{"self":[{"href":"https:\/\/www.europesays.com\/fr\/wp-json\/wp\/v2\/posts\/648610","targetHints":{"allow":["GET"]}}],"collection":[{"href":"https:\/\/www.europesays.com\/fr\/wp-json\/wp\/v2\/posts"}],"about":[{"href":"https:\/\/www.europesays.com\/fr\/wp-json\/wp\/v2\/types\/post"}],"author":[{"embeddable":true,"href":"https:\/\/www.europesays.com\/fr\/wp-json\/wp\/v2\/users\/2"}],"replies":[{"embeddable":true,"href":"https:\/\/www.europesays.com\/fr\/wp-json\/wp\/v2\/comments?post=648610"}],"version-history":[{"count":0,"href":"https:\/\/www.europesays.com\/fr\/wp-json\/wp\/v2\/posts\/648610\/revisions"}],"wp:featuredmedia":[{"embeddable":true,"href":"https:\/\/www.europesays.com\/fr\/wp-json\/wp\/v2\/media\/648611"}],"wp:attachment":[{"href":"https:\/\/www.europesays.com\/fr\/wp-json\/wp\/v2\/media?parent=648610"}],"wp:term":[{"taxonomy":"category","embeddable":true,"href":"https:\/\/www.europesays.com\/fr\/wp-json\/wp\/v2\/categories?post=648610"},{"taxonomy":"post_tag","embeddable":true,"href":"https:\/\/www.europesays.com\/fr\/wp-json\/wp\/v2\/tags?post=648610"}],"curies":[{"name":"wp","href":"https:\/\/api.w.org\/{rel}","templated":true}]}}