{"id":648612,"date":"2026-01-08T04:24:22","date_gmt":"2026-01-08T04:24:22","guid":{"rendered":"https:\/\/www.europesays.com\/fr\/648612\/"},"modified":"2026-01-08T04:24:22","modified_gmt":"2026-01-08T04:24:22","slug":"coeur-de-marie-exposition-a-nancy","status":"publish","type":"post","link":"https:\/\/www.europesays.com\/fr\/648612\/","title":{"rendered":"\u00ab\u00a0Coeur de Marie\u00a0\u00bb : Exposition a Nancy"},"content":{"rendered":"<p>\t\t\t\t\t\t\t\t\t<a href=\"https:\/\/www.estrepublicain.fr\/pour-sortir\/loisirs\/Exposition\/Autres-expositions\/Lorraine\/Meurthe-et-moselle\/Nancy\/2026\/01\/07\/javascript:history.back();\" rel=\"nofollow noopener\" class=\"backToSearch\" target=\"_blank\">Retour \u00e0 la recherche<\/a><\/p>\n<p class=\"media-desc\" itemprop=\"description\">&#13;<br \/>\n\t\t\t\t\tC\u0153ur de Marie prolonge le travail de Marie-Mam Sai Bellier, amorc\u00e9 au CERFAV et en \u00e9cho \u00e0 L\u2019amour en cage (CAC Passages, Troyes, 2025). Hommage suspendu \u00e0 la fleur \u00e9ponyme, l\u2019installation associe fer et verre dans un langage visuel crypt\u00e9, entre Art Nouveau et memento mori contemporain.&#13;<br \/>\n\t\t\t\t\t\t\t\t\t\t\t&#13;<br \/>\n\t\t\t\t\t\t\t\t\t\tChaque \u0153uvre, tant\u00f4t issue de commandes de design graphique, tant\u00f4t con\u00e7ue pour l\u2019occasion, devient ici un symbole, un signe, ou plut\u00f4t un des mots de cette phrase qu\u2019il nous revient de d\u00e9chiffrer dans l\u2019espace. Quel qu\u2019en soit le sens, elle parle en tous cas de l\u2019amour, de la m\u00e9moire, et de la mort.<\/p>\n<p>Si cette recherche est consacr\u00e9e \u00e0 une nouvelle approche de l\u2019ornement, incarn\u00e9e, \u00e9mue et symbolique, si elle porte la trace d\u2019un rapport particulier aux arts du feu, elle t\u00e9moigne surtout du regard amoureux que la typographe a pos\u00e9 sur l\u2019h\u00e9ritage de l\u2019Art Nouveau dans la r\u00e9gion. &#13;\n\t\t\t\t  <\/p>\n","protected":false},"excerpt":{"rendered":"Retour \u00e0 la recherche &#13; C\u0153ur de Marie prolonge le travail de Marie-Mam Sai Bellier, amorc\u00e9 au CERFAV&hellip;\n","protected":false},"author":2,"featured_media":648613,"comment_status":"","ping_status":"","sticky":false,"template":"","format":"standard","meta":{"footnotes":""},"categories":[9635],"tags":[1111,11,1777,674,1011,27,775,1702,12,25],"class_list":{"0":"post-648612","1":"post","2":"type-post","3":"status-publish","4":"format-standard","5":"has-post-thumbnail","7":"category-nancy","8":"tag-actu","9":"tag-actualites","10":"tag-eu","11":"tag-europe","12":"tag-fr","13":"tag-france","14":"tag-grand-est","15":"tag-nancy","16":"tag-news","17":"tag-republique-francaise"},"share_on_mastodon":{"url":"https:\/\/pubeurope.com\/@fr\/115857579270605799","error":""},"_links":{"self":[{"href":"https:\/\/www.europesays.com\/fr\/wp-json\/wp\/v2\/posts\/648612","targetHints":{"allow":["GET"]}}],"collection":[{"href":"https:\/\/www.europesays.com\/fr\/wp-json\/wp\/v2\/posts"}],"about":[{"href":"https:\/\/www.europesays.com\/fr\/wp-json\/wp\/v2\/types\/post"}],"author":[{"embeddable":true,"href":"https:\/\/www.europesays.com\/fr\/wp-json\/wp\/v2\/users\/2"}],"replies":[{"embeddable":true,"href":"https:\/\/www.europesays.com\/fr\/wp-json\/wp\/v2\/comments?post=648612"}],"version-history":[{"count":0,"href":"https:\/\/www.europesays.com\/fr\/wp-json\/wp\/v2\/posts\/648612\/revisions"}],"wp:featuredmedia":[{"embeddable":true,"href":"https:\/\/www.europesays.com\/fr\/wp-json\/wp\/v2\/media\/648613"}],"wp:attachment":[{"href":"https:\/\/www.europesays.com\/fr\/wp-json\/wp\/v2\/media?parent=648612"}],"wp:term":[{"taxonomy":"category","embeddable":true,"href":"https:\/\/www.europesays.com\/fr\/wp-json\/wp\/v2\/categories?post=648612"},{"taxonomy":"post_tag","embeddable":true,"href":"https:\/\/www.europesays.com\/fr\/wp-json\/wp\/v2\/tags?post=648612"}],"curies":[{"name":"wp","href":"https:\/\/api.w.org\/{rel}","templated":true}]}}