{"id":648616,"date":"2026-01-08T04:26:17","date_gmt":"2026-01-08T04:26:17","guid":{"rendered":"https:\/\/www.europesays.com\/fr\/648616\/"},"modified":"2026-01-08T04:26:17","modified_gmt":"2026-01-08T04:26:17","slug":"handball-d1-feminine-toulon-et-sambre-sanctionnes","status":"publish","type":"post","link":"https:\/\/www.europesays.com\/fr\/648616\/","title":{"rendered":"Handball. D1 f\u00e9minine\u00a0: Toulon et Sambre sanctionn\u00e9s"},"content":{"rendered":"<p>\u00c0 la suite des d\u00e9cisions r\u00e9cemment notifi\u00e9es par la Commission nationale de contr\u00f4le et de gestion (CNCG), la F\u00e9d\u00e9ration fran\u00e7aise de handball a d\u00e9taill\u00e9 les diff\u00e9rentes sanctions touchant plusieurs clubs.<\/p>\n<p>En D1 f\u00e9minine, Sambre a \u00e9cop\u00e9 d\u2019un retrait de deux points avec sursis, valable jusqu\u2019au 30\u00a0juin\u00a02027. En revanche, Toulon s\u2019est vu infliger un retrait de cinq points fermes pour la saison en cours, sous r\u00e9serve de la d\u00e9cision du jury d\u2019appel, le club varois ayant contest\u00e9 la d\u00e9cision de la CNCG.<\/p>\n<p>En D2 f\u00e9minine, trois formations sont concern\u00e9es\u00a0: B\u00e8gles (trois points avec sursis jusqu\u2019au 30\u00a0juin\u00a02026), Saint-Gr\u00e9goire\/Rennes M\u00e9tropole (deux points fermes pour 2025-2026 +\u00a0deux avec sursis jusqu\u2019au 30\u00a0juin\u00a02027) et La Roche-sur-Yon, qui a perdu son statut VAP (Voie d\u2019acc\u00e8s au professionnalisme) pour cette saison 2025-2026 et ne pourra donc pas monter en D1. Le club o\u00f9 \u00e9volue la C\u00f4te-d\u2019Orienne Manon Gravelle a \u00e9galement \u00e9cop\u00e9 de trois points de p\u00e9nalit\u00e9 avec sursis jusqu\u2019au 30\u00a0juillet\u00a02027.<\/p>\n<p>  Passage \u00e0 16 joueuses sur la feuille<\/p>\n<p>Lors d\u2019une assembl\u00e9e g\u00e9n\u00e9rale tenue courant d\u00e9cembre, la Ligue f\u00e9minine de handball a vot\u00e9 \u00e0 une large majorit\u00e9 le passage de 14 \u00e0 16 joueuses sur la feuille de match (11 minimum en D1 f\u00e9minine) \u00e0 partir de la saison 2026-2027. Une mesure qui sera \u00e9galement mise en place en D2F, mais sans limite basse de joueuses.<\/p>\n","protected":false},"excerpt":{"rendered":"\u00c0 la suite des d\u00e9cisions r\u00e9cemment notifi\u00e9es par la Commission nationale de contr\u00f4le et de gestion (CNCG), la&hellip;\n","protected":false},"author":2,"featured_media":648617,"comment_status":"","ping_status":"","sticky":false,"template":"","format":"standard","meta":{"footnotes":""},"categories":[9619],"tags":[1111,11,2930,8587,8588,1777,674,107,1011,27,1792,20441,12,882,25,517,2310],"class_list":{"0":"post-648616","1":"post","2":"type-post","3":"status-publish","4":"format-standard","5":"has-post-thumbnail","7":"category-toulon","8":"tag-actu","9":"tag-actualites","10":"tag-dijon","11":"tag-dijon-ville","12":"tag-edition-dijon-et-son-agglomeration","13":"tag-eu","14":"tag-europe","15":"tag-fil-info","16":"tag-fr","17":"tag-france","18":"tag-handball","19":"tag-jda-bourgogne-dijon-handball","20":"tag-news","21":"tag-provence-alpes-cote-dazur","22":"tag-republique-francaise","23":"tag-sport","24":"tag-toulon"},"share_on_mastodon":{"url":"https:\/\/pubeurope.com\/@fr\/115857587093893853","error":""},"_links":{"self":[{"href":"https:\/\/www.europesays.com\/fr\/wp-json\/wp\/v2\/posts\/648616","targetHints":{"allow":["GET"]}}],"collection":[{"href":"https:\/\/www.europesays.com\/fr\/wp-json\/wp\/v2\/posts"}],"about":[{"href":"https:\/\/www.europesays.com\/fr\/wp-json\/wp\/v2\/types\/post"}],"author":[{"embeddable":true,"href":"https:\/\/www.europesays.com\/fr\/wp-json\/wp\/v2\/users\/2"}],"replies":[{"embeddable":true,"href":"https:\/\/www.europesays.com\/fr\/wp-json\/wp\/v2\/comments?post=648616"}],"version-history":[{"count":0,"href":"https:\/\/www.europesays.com\/fr\/wp-json\/wp\/v2\/posts\/648616\/revisions"}],"wp:featuredmedia":[{"embeddable":true,"href":"https:\/\/www.europesays.com\/fr\/wp-json\/wp\/v2\/media\/648617"}],"wp:attachment":[{"href":"https:\/\/www.europesays.com\/fr\/wp-json\/wp\/v2\/media?parent=648616"}],"wp:term":[{"taxonomy":"category","embeddable":true,"href":"https:\/\/www.europesays.com\/fr\/wp-json\/wp\/v2\/categories?post=648616"},{"taxonomy":"post_tag","embeddable":true,"href":"https:\/\/www.europesays.com\/fr\/wp-json\/wp\/v2\/tags?post=648616"}],"curies":[{"name":"wp","href":"https:\/\/api.w.org\/{rel}","templated":true}]}}