{"id":648618,"date":"2026-01-08T04:27:28","date_gmt":"2026-01-08T04:27:28","guid":{"rendered":"https:\/\/www.europesays.com\/fr\/648618\/"},"modified":"2026-01-08T04:27:28","modified_gmt":"2026-01-08T04:27:28","slug":"mireille-passerat-nouvelle-mairesse-de-saint-jean-de-vedas","status":"publish","type":"post","link":"https:\/\/www.europesays.com\/fr\/648618\/","title":{"rendered":"Mireille Passerat, nouvelle mairesse de Saint Jean de V\u00e9das"},"content":{"rendered":"<p>                    Par<br \/>\n        <strong><br \/>\n            <a href=\"https:\/\/actu.fr\/auteur\/g-martin\" title=\"Consulter tous les articles de Gil Martin\" target=\"_blank\" rel=\"noopener\">Gil Martin<\/a><br \/>\n                    <\/strong><\/p>\n<p>        Publi\u00e9 le<\/p>\n<p>            6 janv. 2026 \u00e0 20h28        <\/p>\n<p>Suite au <a href=\"https:\/\/actu.fr\/occitanie\/saint-jean-de-vedas_34270\/disparition-brutale-du-maire-de-saint-jean-de-vedas-francois-rio_63606720.html\" target=\"_blank\" rel=\"noopener\"><strong>d\u00e9c\u00e8s brutal<\/strong> du maire Fran\u00e7ois Rio le 20 d\u00e9cembre dernier,<\/a> \u00e0 l\u2019\u00e2ge de 42 ans, les \u00e9lus du Conseil municipal de <strong>Saint-Jean-de-V\u00e9das, <\/strong>commune importante de la<strong> M\u00e9tropole de Montpellier,\u00a0<\/strong> ont \u00e9lu une nouvelle mairesse ce lundi 5 janvier \u00e0 la faveur d\u2019un Conseil municipal exceptionnel.<\/p>\n<p>Assurer la transition<\/p>\n<p class=\" wall-content\">Il s\u2019agit de <strong>Mireille Passerat de la Chapelle<\/strong>. L\u2019\u00e9dile de 78 ans, membre du groupe politique du d\u00e9funt maire, assurera la transition pour cette commune <strong>jusqu\u2019aux prochaines \u00e9lections municipales<\/strong> fix\u00e9es \u00e0 mars 2026.<\/p>\n<p>Deux candidats en lice<\/p>\n<p class=\" wall-content\">Deux candidats \u00e9taient en lice pour cette \u00e9lection un peu particuli\u00e8re : l\u2019\u00e9lue v\u00e9dasienne donc et l\u2019ancien premier adjoint de Fran\u00e7ois Rio, Christophe Van Leynseele. C\u2019est la premi\u00e8re qui a \u00e9t\u00e9 choisi par les \u00e9lus avec 16 voix pour, contre 14 voix pour son concurrent. La nouvelle mairesse s\u2019est aussit\u00f4t engag\u00e9e \u00e0 poursuivre pendant les presque trois mois restant du mandat actuel \u00e0 poursuivre l\u2019action et les projets du maire d\u00e9funt, dont celui de la Maison de la Nature.<\/p>\n<p>    <a href=\"https:\/\/www.google.com\/maps\/embed?pb=!1m18!1m12!1m3!1d5780.950353588319!2d3.8242698754835796!3d43.57581785743333!2m3!1f0!2f0!3f0!3m2!1i1024!2i768!4f13.1!3m3!1m2!1s0x12b6ae00fac9dbab%3A0x8a3d752f1efe000d!2sMairie%20de%20Saint%20Jean%20de%20V%C3%A9das!5e0!3m2!1sfr!2sfr!4v1767754355060!5m2!1sfr!2sfr\" title=\"Ouvrie le lien\" target=\"_blank\" rel=\"noopener\">Cliquez ici pour visualiser le contenu<\/a><\/p>\n<p>Vid\u00e9os : en ce moment sur ActuL\u2019ancien premier adjoint renonce<\/p>\n<p class=\" wall-content\">L\u2019\u00e9lection de Madame le maire a n\u00e9anmoins produit un incident. L\u2019ancien premier adjoint, Christophe Van Leynseele, a semble-t-il mal v\u00e9cu de ne pas \u00eatre \u00e9lu et a refus\u00e9 de se pr\u00e9senter comme premier adjoint. C\u2019est finalement l\u2019\u00e9lu Henri Fontvielle qui a \u00e9t\u00e9 \u00e9lu (avec 11 voix pour et 18 bulletins blancs) pour assurer la mission, lui aussi jusqu\u2019aux prochaines \u00e9lections\u2026<\/p>\n<p class=\" wall-content\">Personnalisez votre actualit\u00e9 en ajoutant vos villes et m\u00e9dias en favori avec <a href=\"https:\/\/moncompte.actu.fr\" title=\"D\u00e9couvez Mon Actu\" rel=\"nofollow noopener\" data-trk=\"{&quot;cta&quot;:{&quot;action&quot;:&quot;https:\\\/\\\/moncompte.actu.fr&quot;,&quot;category&quot;:&quot;mon compte&quot;,&quot;from&quot;:&quot;article footer&quot;,&quot;name&quot;:&quot;Mon actu&quot;,&quot;type&quot;:&quot;cta&quot;}}\" target=\"_blank\">Mon Actu<\/a>.<\/p>\n","protected":false},"excerpt":{"rendered":"Par Gil Martin Publi\u00e9 le 6 janv. 2026 \u00e0 20h28 Suite au d\u00e9c\u00e8s brutal du maire Fran\u00e7ois Rio&hellip;\n","protected":false},"author":2,"featured_media":648619,"comment_status":"","ping_status":"","sticky":false,"template":"","format":"standard","meta":{"footnotes":""},"categories":[9599],"tags":[1111,11,1777,674,1011,27,2208,12,2680,316,25],"class_list":{"0":"post-648618","1":"post","2":"type-post","3":"status-publish","4":"format-standard","5":"has-post-thumbnail","7":"category-montpellier","8":"tag-actu","9":"tag-actualites","10":"tag-eu","11":"tag-europe","12":"tag-fr","13":"tag-france","14":"tag-montpellier","15":"tag-news","16":"tag-occitanie","17":"tag-politique","18":"tag-republique-francaise"},"share_on_mastodon":{"url":"https:\/\/pubeurope.com\/@fr\/115857590901570584","error":""},"_links":{"self":[{"href":"https:\/\/www.europesays.com\/fr\/wp-json\/wp\/v2\/posts\/648618","targetHints":{"allow":["GET"]}}],"collection":[{"href":"https:\/\/www.europesays.com\/fr\/wp-json\/wp\/v2\/posts"}],"about":[{"href":"https:\/\/www.europesays.com\/fr\/wp-json\/wp\/v2\/types\/post"}],"author":[{"embeddable":true,"href":"https:\/\/www.europesays.com\/fr\/wp-json\/wp\/v2\/users\/2"}],"replies":[{"embeddable":true,"href":"https:\/\/www.europesays.com\/fr\/wp-json\/wp\/v2\/comments?post=648618"}],"version-history":[{"count":0,"href":"https:\/\/www.europesays.com\/fr\/wp-json\/wp\/v2\/posts\/648618\/revisions"}],"wp:featuredmedia":[{"embeddable":true,"href":"https:\/\/www.europesays.com\/fr\/wp-json\/wp\/v2\/media\/648619"}],"wp:attachment":[{"href":"https:\/\/www.europesays.com\/fr\/wp-json\/wp\/v2\/media?parent=648618"}],"wp:term":[{"taxonomy":"category","embeddable":true,"href":"https:\/\/www.europesays.com\/fr\/wp-json\/wp\/v2\/categories?post=648618"},{"taxonomy":"post_tag","embeddable":true,"href":"https:\/\/www.europesays.com\/fr\/wp-json\/wp\/v2\/tags?post=648618"}],"curies":[{"name":"wp","href":"https:\/\/api.w.org\/{rel}","templated":true}]}}