{"id":648620,"date":"2026-01-08T04:29:22","date_gmt":"2026-01-08T04:29:22","guid":{"rendered":"https:\/\/www.europesays.com\/fr\/648620\/"},"modified":"2026-01-08T04:29:22","modified_gmt":"2026-01-08T04:29:22","slug":"inscriptions-ouvertes-pour-la-montpellier-reine-2026-theme-annees-80-pour-la-17e-edition-de-la-course-solidaire","status":"publish","type":"post","link":"https:\/\/www.europesays.com\/fr\/648620\/","title":{"rendered":"Inscriptions ouvertes pour la \u00ab\u00a0Montpellier Reine\u00a0\u00bb 2026\u00a0: th\u00e8me ann\u00e9es 80 pour la 17e \u00e9dition de la course solidaire"},"content":{"rendered":"<p>\n                                                                L\u2019\u00e9v\u00e9nement sportif, engag\u00e9 depuis 2009 dans sensibilisation et la lutte contre le cancer du sein, annonce sa 17e \u00e9dition pour le 31\u00a0mai 2026. Cette ann\u00e9e, paillettes et ann\u00e9es 80 au programme\u00a0!\n                            <\/p>\n<p>La Montpellier Reine, la course caritative contre le cancer du sein, fait son retour le 31\u00a0mai 2026. L\u2019\u00e9v\u00e9nement a plac\u00e9 sa 17e \u00e9dition sous le signe des ann\u00e9es 80 et promet musique endiabl\u00e9e, tenues \u201cflashy\u201d et avalanche de paillettes pour cette course haute en couleur et solidaire.<\/p>\n<p>Plus d\u2019un million d\u2019euros revers\u00e9s en 16 ans<\/p>\n<p>Cr\u00e9\u00e9e en 2009, la Montpellier Reine poursuit son engagement en faveur de la sensibilisation, du d\u00e9pistage et de la lutte contre le cancer du sein. En 16 ans, elle a revers\u00e9 plus d\u2019un million d\u2019euros. Apr\u00e8s avoir r\u00e9uni 10\u00a0000 participants en 2025, les organisateurs esp\u00e8rent bien battre leur record en 2026.<\/p>\n<p>Le concept reste le m\u00eame\u00a0: un parcours de 4,8\u00a0km \u00e0 r\u00e9aliser en courant ou en marchant\u00a0; seul en famille ou en \u00e9quipe, mais surtout avec le sourire. Vite, les inscriptions sont ouvertes <a href=\"https:\/\/www.montpellier-reine.org\/inscriptions\" target=\"_blank\" rel=\"noopener\">sur le site de La Montpellier Reine<\/a> (15\u00a0\u20ac \u00e0 20\u00a0\u20ac).<\/p>\n","protected":false},"excerpt":{"rendered":"L\u2019\u00e9v\u00e9nement sportif, engag\u00e9 depuis 2009 dans sensibilisation et la lutte contre le cancer du sein, annonce sa 17e&hellip;\n","protected":false},"author":2,"featured_media":648621,"comment_status":"","ping_status":"","sticky":false,"template":"","format":"standard","meta":{"footnotes":""},"categories":[9599],"tags":[1111,11,1777,674,1011,27,7089,2208,12,2680,25,1857,1932],"class_list":{"0":"post-648620","1":"post","2":"type-post","3":"status-publish","4":"format-standard","5":"has-post-thumbnail","7":"category-montpellier","8":"tag-actu","9":"tag-actualites","10":"tag-eu","11":"tag-europe","12":"tag-fr","13":"tag-france","14":"tag-herault","15":"tag-montpellier","16":"tag-news","17":"tag-occitanie","18":"tag-republique-francaise","19":"tag-sociu00e9tu00e9","20":"tag-solidaritu00e9"},"share_on_mastodon":{"url":"https:\/\/pubeurope.com\/@fr\/115857598894085081","error":""},"_links":{"self":[{"href":"https:\/\/www.europesays.com\/fr\/wp-json\/wp\/v2\/posts\/648620","targetHints":{"allow":["GET"]}}],"collection":[{"href":"https:\/\/www.europesays.com\/fr\/wp-json\/wp\/v2\/posts"}],"about":[{"href":"https:\/\/www.europesays.com\/fr\/wp-json\/wp\/v2\/types\/post"}],"author":[{"embeddable":true,"href":"https:\/\/www.europesays.com\/fr\/wp-json\/wp\/v2\/users\/2"}],"replies":[{"embeddable":true,"href":"https:\/\/www.europesays.com\/fr\/wp-json\/wp\/v2\/comments?post=648620"}],"version-history":[{"count":0,"href":"https:\/\/www.europesays.com\/fr\/wp-json\/wp\/v2\/posts\/648620\/revisions"}],"wp:featuredmedia":[{"embeddable":true,"href":"https:\/\/www.europesays.com\/fr\/wp-json\/wp\/v2\/media\/648621"}],"wp:attachment":[{"href":"https:\/\/www.europesays.com\/fr\/wp-json\/wp\/v2\/media?parent=648620"}],"wp:term":[{"taxonomy":"category","embeddable":true,"href":"https:\/\/www.europesays.com\/fr\/wp-json\/wp\/v2\/categories?post=648620"},{"taxonomy":"post_tag","embeddable":true,"href":"https:\/\/www.europesays.com\/fr\/wp-json\/wp\/v2\/tags?post=648620"}],"curies":[{"name":"wp","href":"https:\/\/api.w.org\/{rel}","templated":true}]}}