{"id":648625,"date":"2026-01-08T04:34:44","date_gmt":"2026-01-08T04:34:44","guid":{"rendered":"https:\/\/www.europesays.com\/fr\/648625\/"},"modified":"2026-01-08T04:34:44","modified_gmt":"2026-01-08T04:34:44","slug":"pronostic-provence-rugby-grenoble-rugby-pro-d2","status":"publish","type":"post","link":"https:\/\/www.europesays.com\/fr\/648625\/","title":{"rendered":"Pronostic Provence Rugby Grenoble Rugby &#8211; Pro D2"},"content":{"rendered":"<p class=\"text-xs leading-5 text-gray-400 mb-2\">\n                        Publi\u00e9 le 06\/01\/2026 14:00<br \/>\n                        \u00a0par<br \/>\n                                                            <a href=\"https:\/\/www.sportytrader.com\/auteur\/matthieu-dubus-9\/\" target=\"_blank\" rel=\"noopener\">Matthieu Dubus<\/a><\/p>\n<p>                                                    |<br \/>\n                            Modifi\u00e9 le<br \/>\n                                07\/01\/2026<br \/>\n                                \u00e0 13:32<\/p>\n<p>                                                                                                            dans<br \/>\n                                <a data-trans=\"tips.published.competition %competition%\" href=\"https:\/\/www.sportytrader.com\/pronostics\/rugby\/france\/pro-d2-49427\/\" target=\"_blank\" rel=\"noopener\"><br \/>\n                                    Pronostic Pro D2<br \/>\n                                <\/a><\/p>\n<p>Apr\u00e8s trois semaines de coupure, la Pro D2 reprend ses droits avec l\u2019affiche entre\u00a0<strong>Provence Rugby<\/strong>\u00a0et le\u00a0<strong>FC Grenoble<\/strong>, deux formations install\u00e9es dans le haut du paysage ces derni\u00e8res saisons, mais aux trajectoires bien diff\u00e9rentes cette ann\u00e9e. Longtemps en rodage lors du premier tiers de saison, Provence Rugby a progressivement trouv\u00e9 son rythme. Les Aixois pointent d\u00e9sormais \u00e0 la 4\u1d49 place avec 46 points, \u00e0 une seule unit\u00e9 de la deuxi\u00e8me place, et restent pleinement engag\u00e9s dans la lutte pour les phases finales. Signe fort de cette mont\u00e9e en puissance : Provence est invaincu \u00e0 domicile depuis la 2\u1d49 journ\u00e9e, faisant de Maurice-David une place forte du championnat.<\/p>\n<p>En face, Grenoble d\u00e9\u00e7oit. Dixi\u00e8me avec 32 points, le FCG est tr\u00e8s loin des attentes plac\u00e9es en d\u00e9but de saison. Triple finaliste malheureux des barrages ces derni\u00e8res ann\u00e9es et annonc\u00e9 comme l\u2019un des grands favoris \u00e0 la mont\u00e9e avec Vannes, le club is\u00e9rois peine \u00e0 encha\u00eener. Les Grenoblois ont certes termin\u00e9 l\u2019ann\u00e9e 2025 par une victoire face \u00e0 Dax (24-20), mais sans r\u00e9ellement convaincre.<\/p>\n","protected":false},"excerpt":{"rendered":"Publi\u00e9 le 06\/01\/2026 14:00 \u00a0par Matthieu Dubus | Modifi\u00e9 le 07\/01\/2026 \u00e0 13:32 dans Pronostic Pro D2 Apr\u00e8s&hellip;\n","protected":false},"author":2,"featured_media":648626,"comment_status":"","ping_status":"","sticky":false,"template":"","format":"standard","meta":{"footnotes":""},"categories":[9566],"tags":[1111,11,2430,1777,674,1011,27,2731,19554,12,2308,1817,1821,10421,25],"class_list":{"0":"post-648625","1":"post","2":"type-post","3":"status-publish","4":"format-standard","5":"has-post-thumbnail","7":"category-grenoble","8":"tag-actu","9":"tag-actualites","10":"tag-auvergne-rhone-alpes","11":"tag-eu","12":"tag-europe","13":"tag-fr","14":"tag-france","15":"tag-grenoble","16":"tag-grenoble-rugby","17":"tag-news","18":"tag-pro-d2","19":"tag-pronostic","20":"tag-pronostics","21":"tag-provence-rugby","22":"tag-republique-francaise"},"share_on_mastodon":{"url":"https:\/\/pubeurope.com\/@fr\/115857618580962105","error":""},"_links":{"self":[{"href":"https:\/\/www.europesays.com\/fr\/wp-json\/wp\/v2\/posts\/648625","targetHints":{"allow":["GET"]}}],"collection":[{"href":"https:\/\/www.europesays.com\/fr\/wp-json\/wp\/v2\/posts"}],"about":[{"href":"https:\/\/www.europesays.com\/fr\/wp-json\/wp\/v2\/types\/post"}],"author":[{"embeddable":true,"href":"https:\/\/www.europesays.com\/fr\/wp-json\/wp\/v2\/users\/2"}],"replies":[{"embeddable":true,"href":"https:\/\/www.europesays.com\/fr\/wp-json\/wp\/v2\/comments?post=648625"}],"version-history":[{"count":0,"href":"https:\/\/www.europesays.com\/fr\/wp-json\/wp\/v2\/posts\/648625\/revisions"}],"wp:featuredmedia":[{"embeddable":true,"href":"https:\/\/www.europesays.com\/fr\/wp-json\/wp\/v2\/media\/648626"}],"wp:attachment":[{"href":"https:\/\/www.europesays.com\/fr\/wp-json\/wp\/v2\/media?parent=648625"}],"wp:term":[{"taxonomy":"category","embeddable":true,"href":"https:\/\/www.europesays.com\/fr\/wp-json\/wp\/v2\/categories?post=648625"},{"taxonomy":"post_tag","embeddable":true,"href":"https:\/\/www.europesays.com\/fr\/wp-json\/wp\/v2\/tags?post=648625"}],"curies":[{"name":"wp","href":"https:\/\/api.w.org\/{rel}","templated":true}]}}