{"id":648645,"date":"2026-01-08T04:46:13","date_gmt":"2026-01-08T04:46:13","guid":{"rendered":"https:\/\/www.europesays.com\/fr\/648645\/"},"modified":"2026-01-08T04:46:13","modified_gmt":"2026-01-08T04:46:13","slug":"maternites-privees-en-greve-a-toulouse-les-accouchements-transferes-au-chu-de-purpan","status":"publish","type":"post","link":"https:\/\/www.europesays.com\/fr\/648645\/","title":{"rendered":"Maternit\u00e9s priv\u00e9es en gr\u00e8ve \u00e0 Toulouse, les accouchements transf\u00e9r\u00e9s au CHU de Purpan"},"content":{"rendered":"<p>Les gyn\u00e9cologues des cliniques priv\u00e9es rejoignent la gr\u00e8ve nationale des m\u00e9decins. \u00c0 Toulouse, plusieurs maternit\u00e9s redirigeront les accouchements vers l\u2019h\u00f4pital public, les praticiens d\u00e9non\u00e7ant le manque de moyens et l\u2019absence de dialogue avec la S\u00e9curit\u00e9 sociale sur la revalorisation des tarifs.<\/p>\n<p>Plusieurs maternit\u00e9s priv\u00e9es toulousaines <strong>n&rsquo;assureront pas les accouchements de leurs patientes<\/strong> ces prochains jours. Les gyn\u00e9cologues obst\u00e9triciens et m\u00e9dicaux rejoignent le mouvement de gr\u00e8ve nationale lanc\u00e9 en d\u00e9but de semaine par les m\u00e9decins lib\u00e9raux pour d\u00e9noncer le manque de moyens accord\u00e9s \u00e0 la sant\u00e9 et l\u2019absence de dialogue avec l\u2019Assurance maladie sur les tarifs des consultations et des actes m\u00e9dicaux.<\/p>\n<p>Pas d&rsquo;accouchement entre le 10 et le 14 janvier<\/p>\n<p>\u00c0 Toulouse, la mobilisation est massive \u00e0 la clinique Rive Gauche. <strong>Les dix-huit gyn\u00e9cologues de l\u2019\u00e9tablissement, obst\u00e9triciens et m\u00e9dicaux, ont d\u00e9cid\u00e9 de cesser le travail<\/strong> \u00e0\u00a0partir de ce samedi et jusqu\u2019au 14 janvier. Une d\u00e9cision lourde de cons\u00e9quences pour cette maternit\u00e9 majeure de la Ville rose, o\u00f9 naissent pr\u00e8s de 3 800 b\u00e9b\u00e9s chaque ann\u00e9e.<\/p>\n<p>Concr\u00e8tement, les rendez-vous d\u00e9j\u00e0 programm\u00e9s les 8 et 9 janvier sont maintenus, mais aucun nouveau cr\u00e9neau n\u2019est propos\u00e9. <strong>D\u00e8s le 10 janvier, l\u2019activit\u00e9 sera totalement interrompue<\/strong>, hors urgences vitales. Les patientes ont \u00e9t\u00e9 inform\u00e9es par mail et via la plateforme de prise de rendez-vous Doctolib. Les femmes arrivant en travail seront, sauf situation critique, redirig\u00e9es vers le CHU de Purpan.<\/p>\n<p>Pression sur l&rsquo;h\u00f4pital public<\/p>\n<p>\u00ab\u00a0On ne se met pas en gr\u00e8ve de gaiet\u00e9 de c\u0153ur. On p\u00e9nalise d\u2019abord nos patientes, et nos confr\u00e8res du public, mais c\u2019est le seul moyen d\u2019\u00eatre entendus\u00a0\u00bb, explique le Dr Olivier Thiebaugeorges, gyn\u00e9cologue obst\u00e9tricien \u00e0 Rive Gauche. <strong>Les m\u00e9decins d\u00e9noncent des tarifs \u00ab\u00a0fig\u00e9s depuis des ann\u00e9es\u00a0\u00bb,<\/strong> incompatibles avec l\u2019inflation et les co\u00fbts r\u00e9els de leur activit\u00e9.<\/p>\n<p>\u00ab\u00a0Aujourd\u2019hui, <strong>une consultation de base est r\u00e9mun\u00e9r\u00e9e 23 euros<\/strong> par la S\u00e9curit\u00e9 sociale, une somme qui doit couvrir le mat\u00e9riel, les locaux, le personnel et les investissements m\u00e9dicaux\u00a0\u00bb, d\u00e9taille le praticien.<\/p>\n<p>Le gyn\u00e9cologue rappelle que <strong>\u00ab\u00a0le secteur priv\u00e9 assure aujourd\u2019hui une part importante du service public de sant\u00e9\u00a0\u00bb<\/strong>, une sp\u00e9cificit\u00e9 fran\u00e7aise. \u00ab\u00a0Si nous augmentons massivement nos honoraires, on bascule vers un priv\u00e9 tr\u00e8s cher, r\u00e9serv\u00e9 \u00e0 une minorit\u00e9, comme en Angleterre, par exemple, ce que nous refusons.\u00a0\u00bb<\/p>\n<p>\u00ab\u00a0C\u2019est rassurant d\u2019accoucher avec l\u2019\u00e9quipe qu\u2019on conna\u00eet\u00a0\u00bb<\/p>\n<p>Dans la salle d\u2019attente de la clinique Rive Gauche, alors que se profile cette gr\u00e8ve, Lola s&rsquo;inqui\u00e8te. Elle est \u00e0 terme, enceinte de 37 semaines, elle pourrait donc accoucher d&rsquo;un jour \u00e0 l&rsquo;autre, mais cette habitante de Cintegabelle, \u00e0 50 kilom\u00e8tres de Toulouse, esp\u00e8re que ce sera l\u00e0 o\u00f9 elle a \u00e9t\u00e9 suivie pendant toute sa grossesse. \u00ab\u00a0Je comprends leur mouvement, mais c\u2019est rassurant d\u2019accoucher avec l\u2019\u00e9quipe qu\u2019on conna\u00eet. <strong>Je n&rsquo;ai rien contre l&rsquo;h\u00f4pital public, mais c&rsquo;est un choix personnel<\/strong>, c&rsquo;est ici que j&rsquo;ai donn\u00e9 naissance \u00e0 mes deux premiers gar\u00e7ons\u00a0\u00bb, confie-t-elle.<\/p>\n<p>L&rsquo;appel \u00e0 la gr\u00e8ve pourrait \u00ab\u00a0\u00eatre tr\u00e8s suivi selon les professionnels\u00a0\u00bb, <strong>\u00e9galement dans les maternit\u00e9s priv\u00e9es de l\u2019Union et de la Croix du Sud<\/strong>. Le groupe Ramsay Sant\u00e9 assure toutefois que la continuit\u00e9 des soins urgents sera maintenue.<\/p>\n<p>Le mouvement risque de <strong>mettre sous forte tension l\u2019h\u00f4pital public<\/strong>, d\u00e9j\u00e0 fragilis\u00e9 par les \u00e9pid\u00e9mies hivernales. Le CHU de Toulouse a commenc\u00e9 \u00e0 r\u00e9organiser ses services, et un plan blanc n\u2019est pas exclu. De son c\u00f4t\u00e9, l\u2019Agence r\u00e9gionale de sant\u00e9 est rest\u00e9e injoignable.<\/p>\n","protected":false},"excerpt":{"rendered":"Les gyn\u00e9cologues des cliniques priv\u00e9es rejoignent la gr\u00e8ve nationale des m\u00e9decins. \u00c0 Toulouse, plusieurs maternit\u00e9s redirigeront les accouchements&hellip;\n","protected":false},"author":2,"featured_media":648646,"comment_status":"","ping_status":"","sticky":false,"template":"","format":"standard","meta":{"footnotes":""},"categories":[2816],"tags":[1111,11,1777,674,1011,27,12,2680,25,2312],"class_list":{"0":"post-648645","1":"post","2":"type-post","3":"status-publish","4":"format-standard","5":"has-post-thumbnail","7":"category-toulouse","8":"tag-actu","9":"tag-actualites","10":"tag-eu","11":"tag-europe","12":"tag-fr","13":"tag-france","14":"tag-news","15":"tag-occitanie","16":"tag-republique-francaise","17":"tag-toulouse"},"share_on_mastodon":{"url":"https:\/\/pubeurope.com\/@fr\/115857665696746153","error":""},"_links":{"self":[{"href":"https:\/\/www.europesays.com\/fr\/wp-json\/wp\/v2\/posts\/648645","targetHints":{"allow":["GET"]}}],"collection":[{"href":"https:\/\/www.europesays.com\/fr\/wp-json\/wp\/v2\/posts"}],"about":[{"href":"https:\/\/www.europesays.com\/fr\/wp-json\/wp\/v2\/types\/post"}],"author":[{"embeddable":true,"href":"https:\/\/www.europesays.com\/fr\/wp-json\/wp\/v2\/users\/2"}],"replies":[{"embeddable":true,"href":"https:\/\/www.europesays.com\/fr\/wp-json\/wp\/v2\/comments?post=648645"}],"version-history":[{"count":0,"href":"https:\/\/www.europesays.com\/fr\/wp-json\/wp\/v2\/posts\/648645\/revisions"}],"wp:featuredmedia":[{"embeddable":true,"href":"https:\/\/www.europesays.com\/fr\/wp-json\/wp\/v2\/media\/648646"}],"wp:attachment":[{"href":"https:\/\/www.europesays.com\/fr\/wp-json\/wp\/v2\/media?parent=648645"}],"wp:term":[{"taxonomy":"category","embeddable":true,"href":"https:\/\/www.europesays.com\/fr\/wp-json\/wp\/v2\/categories?post=648645"},{"taxonomy":"post_tag","embeddable":true,"href":"https:\/\/www.europesays.com\/fr\/wp-json\/wp\/v2\/tags?post=648645"}],"curies":[{"name":"wp","href":"https:\/\/api.w.org\/{rel}","templated":true}]}}