{"id":648649,"date":"2026-01-08T04:49:15","date_gmt":"2026-01-08T04:49:15","guid":{"rendered":"https:\/\/www.europesays.com\/fr\/648649\/"},"modified":"2026-01-08T04:49:15","modified_gmt":"2026-01-08T04:49:15","slug":"on-a-vu-pour-vous-tout-va-bien-documentaire-retracant-le-parcours-touchant-de-jeunes-migrants-a-marseille","status":"publish","type":"post","link":"https:\/\/www.europesays.com\/fr\/648649\/","title":{"rendered":"On a vu pour vous \u00ab Tout va bien \u00bb, documentaire retra\u00e7ant le parcours touchant de jeunes migrants \u00e0 Marseille"},"content":{"rendered":"<p class=\"fs-5 \">\u00c2g\u00e9s de 14 \u00e0 19 ans, cinq adolescents ont travers\u00e9 des d\u00e9serts et des mers, seuls. Arriv\u00e9s \u00e0 Marseille, ces filles et gar\u00e7ons portent en eux l\u2019espoir br\u00fblant d\u2019une nouvelle vie. Ils apprennent un m\u00e9tier, un pays, des habitudes et pour certains une langue. \u00ab Tout va bien \u00bb r\u00e9p\u00e8tent-ils obstin\u00e9ment \u00e0 leurs familles. Mais le v\u00e9ritable voyage ne fait que commencer\u2026<\/p>\n<p>                                                                                <strong>Notre avis<\/strong><\/p>\n<p class=\"fs-5 \">Thomas Ellis a pass\u00e9 plus de cinq ans \u00e0 mettre au point Tout va bien, projet qui touche \u00e0 l\u2019immigration, avec l\u2019intention farouche de d\u00e9tourner les clich\u00e9s qui lui sont li\u00e9s. L\u2019entreprise n\u2019est pas nouvelle : on se souvient par exemple de l\u2019\u00e9mouvante Histoire de souleymane de Boris Lojkine sortie l\u2019an dernier, mais le r\u00e9alisateur se diff\u00e9rencie en d\u00e9laissant au maximum la fiction pour privil\u00e9gier le documentaire.<\/p>\n<p class=\"fs-5 \">Sans atteindre la pr\u00e9cision d\u2019un S\u00e9bastien Lifshitz (Adolescentes, Madame Hoffman) en la mati\u00e8re, dont le sens du r\u00e9cit est moins scolaire et dont la capacit\u00e9 d\u2019immersion est deux, voire trois crans au-dessus, le r\u00e9alisateur signe un film humble, \u00e0 hauteur d\u2019homme. Une qualit\u00e9 qui se mue parfois en d\u00e9faut, avec une tendance \u00e0 tomber dans la bien-pensance \u2013 Ellis a par exemple fait valider les images par ses cinq acteurs principaux \u2013, ce qui donne l\u2019impression d\u2019assister \u00e0 une \u0153uvre assez lisse. Cela n\u2019emp\u00eachera pas les spectateurs d\u2019\u00e9prouver de l\u2019empathie envers ces jeunes, d\u00e9termin\u00e9s \u00e0 se construire un avenir, loin de pays o\u00f9 ils ont connu la mis\u00e8re et\/ou la guerre. Les questions d\u2019int\u00e9gration, de la barri\u00e8re de la langue, d\u2019apprentissage d\u2019un m\u00e9tier, les rendez-vous avec les diff\u00e9rentes institutions avec les aides mais aussi les barri\u00e8res (v\u00e9rifications de l\u2019\u00e2ge) qui vont avec. La relation aux parents, rest\u00e9s au pays et dont certains ne comprennent pas l\u2019exil ni le mode de vie diff\u00e9rent, compl\u00e8tent l\u2019ensemble. Que cela passe par la voie des soins, des travaux manuels ou du r\u00eave de conqu\u00e9rir les stades en devenant footballeur, on sent le d\u00e9sir de croquer la vie \u00e0 pleines dents.<\/p>\n<p class=\"fs-5 \">Accompagn\u00e9 par des compositions enregistr\u00e9es avec l\u2019Orchestre philharmonique de l\u2019Op\u00e9ra de Marseille, le film se permet quelques envol\u00e9es lyriques et stylistiques, plut\u00f4t bien ins\u00e9r\u00e9es qui viennent cr\u00e9er des respirations avec le sch\u00e9ma un peu trop acad\u00e9mique des parcours de vie. Quant \u00e0 la cit\u00e9 phoc\u00e9enne, ville cosmopolite par excellence, elle est repr\u00e9sent\u00e9e dans sa diversit\u00e9, avec un soin d\u2019\u00e9viter le c\u00f4t\u00e9 carte postale qui aurait fait perdre toute la cr\u00e9dibilit\u00e9 de l\u2019ensemble. En d\u00e9coule un documentaire g\u00e9n\u00e9reux, qui \u00e0 d\u00e9faut de renouveler le genre, va constamment de l\u2019avant et a le m\u00e9rite de sensibiliser sur un sujet d\u00e9licat.<\/p>\n<p class=\"fs-5 \"><strong>\u00ab\u00a0Tout va bien\u00a0\u00bb, de Thomas Ellis (France). Documentaire. 1 h 26. Notre avis : 3\/<\/strong>5.<\/p>\n","protected":false},"excerpt":{"rendered":"\u00c2g\u00e9s de 14 \u00e0 19 ans, cinq adolescents ont travers\u00e9 des d\u00e9serts et des mers, seuls. Arriv\u00e9s \u00e0&hellip;\n","protected":false},"author":2,"featured_media":648650,"comment_status":"","ping_status":"","sticky":false,"template":"","format":"standard","meta":{"footnotes":""},"categories":[2814],"tags":[1111,11,1777,674,1011,27,884,12,882,25],"class_list":{"0":"post-648649","1":"post","2":"type-post","3":"status-publish","4":"format-standard","5":"has-post-thumbnail","7":"category-marseille","8":"tag-actu","9":"tag-actualites","10":"tag-eu","11":"tag-europe","12":"tag-fr","13":"tag-france","14":"tag-marseille","15":"tag-news","16":"tag-provence-alpes-cote-dazur","17":"tag-republique-francaise"},"share_on_mastodon":{"url":"https:\/\/pubeurope.com\/@fr\/115857677580419385","error":""},"_links":{"self":[{"href":"https:\/\/www.europesays.com\/fr\/wp-json\/wp\/v2\/posts\/648649","targetHints":{"allow":["GET"]}}],"collection":[{"href":"https:\/\/www.europesays.com\/fr\/wp-json\/wp\/v2\/posts"}],"about":[{"href":"https:\/\/www.europesays.com\/fr\/wp-json\/wp\/v2\/types\/post"}],"author":[{"embeddable":true,"href":"https:\/\/www.europesays.com\/fr\/wp-json\/wp\/v2\/users\/2"}],"replies":[{"embeddable":true,"href":"https:\/\/www.europesays.com\/fr\/wp-json\/wp\/v2\/comments?post=648649"}],"version-history":[{"count":0,"href":"https:\/\/www.europesays.com\/fr\/wp-json\/wp\/v2\/posts\/648649\/revisions"}],"wp:featuredmedia":[{"embeddable":true,"href":"https:\/\/www.europesays.com\/fr\/wp-json\/wp\/v2\/media\/648650"}],"wp:attachment":[{"href":"https:\/\/www.europesays.com\/fr\/wp-json\/wp\/v2\/media?parent=648649"}],"wp:term":[{"taxonomy":"category","embeddable":true,"href":"https:\/\/www.europesays.com\/fr\/wp-json\/wp\/v2\/categories?post=648649"},{"taxonomy":"post_tag","embeddable":true,"href":"https:\/\/www.europesays.com\/fr\/wp-json\/wp\/v2\/tags?post=648649"}],"curies":[{"name":"wp","href":"https:\/\/api.w.org\/{rel}","templated":true}]}}