{"id":648651,"date":"2026-01-08T04:50:18","date_gmt":"2026-01-08T04:50:18","guid":{"rendered":"https:\/\/www.europesays.com\/fr\/648651\/"},"modified":"2026-01-08T04:50:18","modified_gmt":"2026-01-08T04:50:18","slug":"sur-fond-de-narcotrafic-un-site-dorange-va-encore-fermer-apres-des-tirs","status":"publish","type":"post","link":"https:\/\/www.europesays.com\/fr\/648651\/","title":{"rendered":"Sur fond de narcotrafic, un site d\u2019Orange va encore fermer apr\u00e8s des tirs"},"content":{"rendered":"<p><a href=\"https:\/\/www.20minutes.fr\/faits_divers\/faits-divers-marseille\/4194674-20260106-narcotrafic-marseille-suspect-incarcere-barbecue-1er-janvier\" target=\"_blank\" class=\"c-link c-link--is-underlined\" rel=\"noopener\">A Marseille, l\u2019ins\u00e9curit\u00e9<\/a> a une nouvelle fois des cons\u00e9quences n\u00e9gatives pour Orange. Un site de l\u2019entreprise situ\u00e9 dans le quartier sensible de Saint-Mauront, qui avait ferm\u00e9 fin novembre durant une quinzaine de jours, va de nouveau fermer ce jeudi apr\u00e8s <a href=\"https:\/\/www.20minutes.fr\/faits_divers\/faits-divers-marseille\/4194434-20260105-marseille-impacts-balles-site-orange-saint-mauront-deja-ferme-debut-decembre\" target=\"_blank\" class=\"c-link c-link--is-underlined\" rel=\"noopener\">la d\u00e9couverte lundi de plusieurs impacts de balles<\/a>.<\/p>\n<p>\u00ab\u00a0Dans le cadre de l\u2019enqu\u00eate initi\u00e9e lundi, des premiers \u00e9l\u00e9ments sur cet incident ont \u00e9t\u00e9 port\u00e9s \u00e0 notre connaissance hier soir (mardi)\u00a0\u00bb, a fait savoir mercredi soir Orange. \u00ab\u00a0Pas de conclusion \u00e0 ce stade\u00a0\u00bb au niveau de l\u2019enqu\u00eate initi\u00e9e sur ces nouveaux faits, a pour sa part pr\u00e9cis\u00e9 la pr\u00e9fecture de police.<\/p>\n<p>T\u00e9l\u00e9travail ou travail sur un autre site<\/p>\n<p>\u00ab\u00a0La s\u00e9curit\u00e9 des collaborateurs \u00e9tant notre priorit\u00e9 absolue et guidant nos d\u00e9cisions, la direction a par cons\u00e9quent pris les mesures suivantes\u00a0: \u00e0 partir de demain (ce jeudi) et le temps de l\u2019enqu\u00eate, les collaborateurs doivent travailler sur un autre site du d\u00e9partement ou se mettre en t\u00e9l\u00e9travail\u00a0\u00bb, a encore d\u00e9clar\u00e9 un porte-parole de l\u2019entreprise.<\/p>\n<\/p>\n<p>En d\u00e9but de semaine, quatre impacts de balles avaient \u00e9t\u00e9 retrouv\u00e9s sur la fa\u00e7ade du site de Saint-Mauront o\u00f9 travaille en temps normal un millier de salari\u00e9s de l\u2019op\u00e9rateur. Cet incident avait suscit\u00e9 une vive \u00e9motion chez les salari\u00e9s revenus \u00e0 Saint-Mauront.<\/p>\n<p>Pr\u00e9sence de plusieurs points de deal<\/p>\n<p>Le 27 novembre, l\u2019entreprise avait d\u00fb se r\u00e9soudre \u00e0 une premi\u00e8re fermeture \u00e0 la suite d\u2019une \u00ab\u00a0mont\u00e9e des tensions\u00a0\u00bb dans le quartier, mettant ses salari\u00e9s en t\u00e9l\u00e9travail. Les syndicats avaient d\u00e9nonc\u00e9 des \u00ab\u00a0bagarres\u00a0\u00bb et une emprise du \u00ab\u00a0<a href=\"https:\/\/www.20minutes.fr\/societe\/4191961-20251217-utilite-paiement-trois-questions-autour-amende-forfaitaire-delictuelle-afd-consommateurs-drogue\" target=\"_blank\" class=\"c-link c-link--is-underlined\" rel=\"noopener\">narcotrafic<\/a>\u00a0\u00bb avec la pr\u00e9sence de plusieurs points de deal \u00e0 proximit\u00e9 du site.<\/p>\n<p><a href=\"https:\/\/www.20minutes.fr\/marseille\/\" target=\"_blank\" class=\"c-link c-btn c-btn--primary\" rel=\"noopener\">Nos articles sur Marseille<\/a><\/p>\n<p>Lundi, apr\u00e8s la d\u00e9couverte d\u2019impacts de balles, la pr\u00e9f\u00e8te de police d\u00e9l\u00e9gu\u00e9e Corinne Simon, s\u2019est rendue sur place alors que des agents proc\u00e9daient aux premi\u00e8res constatations et \u00e0 l\u2019expertise balistique. La pr\u00e9fecture de police avait alors indiqu\u00e9 que \u00ab\u00a0la date des tirs (n\u2019\u00e9tait) pas connue m\u00eame si tout (laissait) \u00e0 penser que ces faits (s\u2019\u00e9taient) produits en dehors des heures ouvrables\u00a0\u00bb. La pr\u00e9f\u00e8te avait \u00e9galement annonc\u00e9 qu\u2019elle avait d\u00e9cid\u00e9 de \u00ab\u00a0renforcer la pr\u00e9sence polici\u00e8re en augmentant rondes et patrouilles\u00a0\u00bb et \u00e9galement \u00ab\u00a0une garde statique aux heures d\u2019entr\u00e9e et de sortie du site\u00a0\u00bb.<\/p>\n<p>\u00ab\u00a0Lors d\u2019une r\u00e9union \u00e0 14 heures le directeur op\u00e9rationnel Grand Sud, Nicolas Drouillet nous a annonc\u00e9 que le site serait ferm\u00e9 demain (ce jeudi) et resterait ferm\u00e9 le temps de l\u2019enqu\u00eate, sans indication de dur\u00e9e\u00a0\u00bb, a pour sa part rapport\u00e9 Laurent Bedrossian de la CFE-CGC Orange. Il a ajout\u00e9 que \u00ab\u00a0la CFE-CGC exige d\u00e9sormais deux choses\u00a0: l\u2019organisation de la fermeture d\u00e9finitive et l\u2019officialisation du d\u00e9m\u00e9nagement\u00a0\u00bb.<\/p>\n","protected":false},"excerpt":{"rendered":"A Marseille, l\u2019ins\u00e9curit\u00e9 a une nouvelle fois des cons\u00e9quences n\u00e9gatives pour Orange. Un site de l\u2019entreprise situ\u00e9 dans&hellip;\n","protected":false},"author":2,"featured_media":648652,"comment_status":"","ping_status":"","sticky":false,"template":"","format":"standard","meta":{"footnotes":""},"categories":[2814],"tags":[1111,47,11,885,1777,674,7505,1011,27,2825,884,813,12,738,883,882,25,104,887,133],"class_list":{"0":"post-648651","1":"post","2":"type-post","3":"status-publish","4":"format-standard","5":"has-post-thumbnail","7":"category-marseille","8":"tag-actu","9":"tag-actualite","10":"tag-actualites","11":"tag-bouches-du-rhone","12":"tag-eu","13":"tag-europe","14":"tag-faits-divers-marseille","15":"tag-fr","16":"tag-france","17":"tag-insecurite","18":"tag-marseille","19":"tag-narcotrafiquants","20":"tag-news","21":"tag-orange","22":"tag-paca","23":"tag-provence-alpes-cote-dazur","24":"tag-republique-francaise","25":"tag-societe","26":"tag-trafic-de-drogue","27":"tag-video"},"share_on_mastodon":{"url":"https:\/\/pubeurope.com\/@fr\/115857681513048539","error":""},"_links":{"self":[{"href":"https:\/\/www.europesays.com\/fr\/wp-json\/wp\/v2\/posts\/648651","targetHints":{"allow":["GET"]}}],"collection":[{"href":"https:\/\/www.europesays.com\/fr\/wp-json\/wp\/v2\/posts"}],"about":[{"href":"https:\/\/www.europesays.com\/fr\/wp-json\/wp\/v2\/types\/post"}],"author":[{"embeddable":true,"href":"https:\/\/www.europesays.com\/fr\/wp-json\/wp\/v2\/users\/2"}],"replies":[{"embeddable":true,"href":"https:\/\/www.europesays.com\/fr\/wp-json\/wp\/v2\/comments?post=648651"}],"version-history":[{"count":0,"href":"https:\/\/www.europesays.com\/fr\/wp-json\/wp\/v2\/posts\/648651\/revisions"}],"wp:featuredmedia":[{"embeddable":true,"href":"https:\/\/www.europesays.com\/fr\/wp-json\/wp\/v2\/media\/648652"}],"wp:attachment":[{"href":"https:\/\/www.europesays.com\/fr\/wp-json\/wp\/v2\/media?parent=648651"}],"wp:term":[{"taxonomy":"category","embeddable":true,"href":"https:\/\/www.europesays.com\/fr\/wp-json\/wp\/v2\/categories?post=648651"},{"taxonomy":"post_tag","embeddable":true,"href":"https:\/\/www.europesays.com\/fr\/wp-json\/wp\/v2\/tags?post=648651"}],"curies":[{"name":"wp","href":"https:\/\/api.w.org\/{rel}","templated":true}]}}