{"id":648655,"date":"2026-01-08T04:52:19","date_gmt":"2026-01-08T04:52:19","guid":{"rendered":"https:\/\/www.europesays.com\/fr\/648655\/"},"modified":"2026-01-08T04:52:19","modified_gmt":"2026-01-08T04:52:19","slug":"berdeu-sur-la-touche-pour-deux-mois","status":"publish","type":"post","link":"https:\/\/www.europesays.com\/fr\/648655\/","title":{"rendered":"Berdeu sur la touche pour deux mois"},"content":{"rendered":"<p><strong>Vainqueur de la Section Paloise<br \/>\n(22-17), victoire qui a mis fin \u00e0 une s\u00e9rie de cinq revers de rang<br \/>\ntoutes comp\u00e9titions confondues, Lyon se dirige d\u00e9sormais vers deux<br \/>\nrendez-vous europ\u00e9ens, contre les Lions et face \u00e0 Benetton. En<br \/>\nrevanche, l\u2019\u00e9quipe rhodanienne ne pourra pas compter sur L\u00e9o<br \/>\nBerdeu, absent pour deux mois en raison d\u2019une blessure \u00e0<br \/>\nl\u2019\u00e9paule.<\/strong><\/p>\n<p>La d\u00e9l\u00e9gation du LOU a pris l\u2019avion lundi apr\u00e8s-midi direction<br \/>\nl\u2019Afrique du Sud et plus particuli\u00e8rement Johannesburg \u00e0 quatre<br \/>\njours de la troisi\u00e8me journ\u00e9e de Champions Cup face aux Lions<br \/>\norganis\u00e9e au Ellis Park. Et parmi les joueurs pr\u00e9sents, il n\u2019est<br \/>\npas certain que L\u00e9o Berdeu ait fait le d\u00e9placement. Ou alors en<br \/>\ncivil.<\/p>\n<p>En effet, le demi d\u2019ouverture s\u2019est assez s\u00e9rieusement bless\u00e9<br \/>\nsamedi dernier lors de l\u2019importante victoire de Lyon contre Pau<br \/>\n(22-17), mettant ainsi fin \u00e0 une s\u00e9rie de cinq revers de rang<br \/>\ntoutes comp\u00e9titions confondues. Touch\u00e9 \u00e0 l\u2019\u00e9paule gauche, le<br \/>\nRhodanien a c\u00e9d\u00e9 sa place \u00e0 Martin M\u00e9liande d\u00e8s la 4\u00e8me minute du<br \/>\nmatch contre le club b\u00e9arnais. Une sortie malheureuse qui a laiss\u00e9<br \/>\npr\u00e9sager du pire\u2026<\/p>\n<p>De grosses \u00e9ch\u00e9ances \u00e0<br \/>\nvenir<\/p>\n<p>Depuis le succ\u00e8s du LOU, L\u00e9o Berdeu a pass\u00e9 des examens qui ont<br \/>\nr\u00e9v\u00e9l\u00e9, selon les informations du Progr\u00e8s, une entorse<br \/>\nacromio-claviculaire assez importante. Pour cette blessure, s\u2019il<br \/>\nn\u2019y a aucune complication, le d\u00e9lai de gu\u00e9rison est th\u00e9oriquement<br \/>\nde deux mois. Karim Ghezal, l\u2019entra\u00eeneur lyonnais, devrait pouvoir<br \/>\nr\u00e9cup\u00e9rer son joueur soit contre Toulon le 28 f\u00e9vrier ou apr\u00e8s ce<br \/>\nbloc, soit le 21 mars contre Perpignan.<\/p>\n<p>En attendant, Martin M\u00e9liande et Paddy Jackson officieront \u00e0 sa<br \/>\nplace et tenteront de ramener Lyon vers le ventre mou du<br \/>\nchampionnat. Le club rhodanien peut \u00e9galement compter sur les<br \/>\nretours de Jermaine Ainsley et Gabin Lorre.<\/p>\n","protected":false},"excerpt":{"rendered":"Vainqueur de la Section Paloise (22-17), victoire qui a mis fin \u00e0 une s\u00e9rie de cinq revers de&hellip;\n","protected":false},"author":2,"featured_media":648656,"comment_status":"","ping_status":"","sticky":false,"template":"","format":"standard","meta":{"footnotes":""},"categories":[1889],"tags":[1111,11,2430,1777,674,1011,27,2428,12,25,57681],"class_list":{"0":"post-648655","1":"post","2":"type-post","3":"status-publish","4":"format-standard","5":"has-post-thumbnail","7":"category-lyon","8":"tag-actu","9":"tag-actualites","10":"tag-auvergne-rhone-alpes","11":"tag-eu","12":"tag-europe","13":"tag-fr","14":"tag-france","15":"tag-lyon","16":"tag-news","17":"tag-republique-francaise","18":"tag-sport365-fr"},"share_on_mastodon":{"url":"https:\/\/pubeurope.com\/@fr\/115857689316711441","error":""},"_links":{"self":[{"href":"https:\/\/www.europesays.com\/fr\/wp-json\/wp\/v2\/posts\/648655","targetHints":{"allow":["GET"]}}],"collection":[{"href":"https:\/\/www.europesays.com\/fr\/wp-json\/wp\/v2\/posts"}],"about":[{"href":"https:\/\/www.europesays.com\/fr\/wp-json\/wp\/v2\/types\/post"}],"author":[{"embeddable":true,"href":"https:\/\/www.europesays.com\/fr\/wp-json\/wp\/v2\/users\/2"}],"replies":[{"embeddable":true,"href":"https:\/\/www.europesays.com\/fr\/wp-json\/wp\/v2\/comments?post=648655"}],"version-history":[{"count":0,"href":"https:\/\/www.europesays.com\/fr\/wp-json\/wp\/v2\/posts\/648655\/revisions"}],"wp:featuredmedia":[{"embeddable":true,"href":"https:\/\/www.europesays.com\/fr\/wp-json\/wp\/v2\/media\/648656"}],"wp:attachment":[{"href":"https:\/\/www.europesays.com\/fr\/wp-json\/wp\/v2\/media?parent=648655"}],"wp:term":[{"taxonomy":"category","embeddable":true,"href":"https:\/\/www.europesays.com\/fr\/wp-json\/wp\/v2\/categories?post=648655"},{"taxonomy":"post_tag","embeddable":true,"href":"https:\/\/www.europesays.com\/fr\/wp-json\/wp\/v2\/tags?post=648655"}],"curies":[{"name":"wp","href":"https:\/\/api.w.org\/{rel}","templated":true}]}}