{"id":648669,"date":"2026-01-08T05:00:29","date_gmt":"2026-01-08T05:00:29","guid":{"rendered":"https:\/\/www.europesays.com\/fr\/648669\/"},"modified":"2026-01-08T05:00:29","modified_gmt":"2026-01-08T05:00:29","slug":"force-multinationale-que-feraient-les-soldats-francais-en-ukraine","status":"publish","type":"post","link":"https:\/\/www.europesays.com\/fr\/648669\/","title":{"rendered":"Force multinationale\u00a0: Que feraient les soldats fran\u00e7ais en Ukraine ?"},"content":{"rendered":"<p>        <a class=\"Link \" href=\"https:\/\/www.lopinion.fr\/international\/ukraine-a-paris-les-europeens-veulent-afficher-leur-convergence-avec-les-americains-sur-les-garanties-de-securite\" data-cms-ai=\"0\" target=\"_blank\" rel=\"noopener\">Ukraine: \u00e0 Paris, les Europ\u00e9ens veulent afficher leur \u00abconvergence\u00bb avec les Am\u00e9ricains sur les garanties de s\u00e9curit\u00e9<\/a><\/p>\n<p>l&rsquo;Opinion (avec AFP)<\/p>\n<p>Paris &#8211; Les pays europ\u00e9ens alli\u00e9s de l\u2019Ukraine et des \u00e9missaires am\u00e9ricains se retrouvent mardi \u00e0 Paris pour un sommet visant \u00e0 afficher leur \u00abconvergence\u00bb sur les garanties de s\u00e9curit\u00e9 \u00e0 fournir \u00e0 Kiev et pr\u00e9ciser les contours d\u2019une \u00abforce multinationale\u00bb en cas d\u2019accord de cessez-le-feu avec Moscou. L\u2019entourage du pr\u00e9sident fran\u00e7ais Emmanuel Macron pr\u00e9sente cette nouvelle r\u00e9union de la \u00abCoalition des volontaires\u00bb comme l\u2019aboutissement des efforts qu\u2019il a commenc\u00e9 \u00e0 d\u00e9ployer il y a environ un an, apr\u00e8s l\u2019arriv\u00e9e de Donald Trump \u00e0 la Maison Blanche, pour \u00e9viter que les Etats-Unis ne \u00abl\u00e2chent l\u2019Ukraine\u00bb. \u00abNous avons r\u00e9ussi cet exercice de reconvergence entre l\u2019Ukraine, l\u2019Europe et l\u2019Am\u00e9rique\u00bb, a dit lundi \u00e0 la presse un de ses conseillers, sur fond de nouvelle intensification des tractations diplomatiques depuis novembre, sous l\u2019impulsion de Washington, en vue d\u2019un accord avec la Russie pour mettre fin \u00e0 pr\u00e8s de quatre ans de guerre. Emmanuel Macron re\u00e7oit son homologue ukrainien Volodymyr Zelensky et les \u00e9missaires am\u00e9ricains Steve Witkoff et Jared Kushner &#8212; gendre de Donald Trump &#8212; pour un d\u00e9jeuner au palais pr\u00e9sidentiel de l\u2019Elys\u00e9e. Dans la foul\u00e9e, le sommet r\u00e9unira 35 pays, dont 27 repr\u00e9sent\u00e9s par des chefs d\u2019Etat ou de gouvernement comme l\u2019Italienne Giorgia Meloni et le Canadien Mark Carney. Les dirigeants de l\u2019Otan et de l\u2019Union europ\u00e9enne sont aussi attendus. Une conf\u00e9rence de presse est pr\u00e9vue en fin de journ\u00e9e, r\u00e9unissant les pr\u00e9sidents Macron et Zelensky, le Premier ministre britannique Keir Starmer et le chancelier allemand Friedrich Merz. Les Etats-Unis ne sont pas membres \u00e0 part enti\u00e8re de cette coalition mise en place en mars par la France et le Royaume-Uni pour apporter des \u00abgaranties de s\u00e9curit\u00e9\u00bb \u00e0 l\u2019Ukraine dans le cadre d\u2019un \u00e9ventuel cessez-le-feu. C\u2019est sur ce point que porte la \u00abconvergence\u00bb vant\u00e9e par Paris. \u00abSecret militaire\u00bb A Berlin mi-d\u00e9cembre, plusieurs pays europ\u00e9ens avaient formalis\u00e9 leur proposition d\u2019une \u00abforce multinationale pour l\u2019Ukraine\u00bb soutenue par les Etats-Unis, qui avaient dit de leur c\u00f4t\u00e9 offrir des garanties de s\u00e9curit\u00e9 \u00abtr\u00e8s fortes\u00bb. Mardi, les dirigeants doivent s\u2019engager sur leur vision commune des \u00abmodalit\u00e9s d\u2019un cessez-le-feu\u00bb futur entre l\u2019Ukraine et la Russie, la mani\u00e8re dont il pourra \u00eatre \u00abv\u00e9rifi\u00e9\u00bb par \u00abdes moyens techniques, des drones, des satellites\u00bb plut\u00f4t que par un d\u00e9ploiement militaire terrestre, mais aussi sur leur riposte en cas de violation, a expliqu\u00e9 la pr\u00e9sidence fran\u00e7aise. Autre point \u00e0 l\u2019ordre du jour, selon la m\u00eame source: les \u00abmodalit\u00e9s op\u00e9rationnelles\u00bb du \u00abd\u00e9ploiement d\u2019une force multinationale\u00bb pour \u00abr\u00e9assurer l\u2019Ukraine dans les airs, sur la mer et \u00e0 terre\u00bb face \u00e0 la menace d\u2019une nouvelle attaque russe apr\u00e8s un \u00e9ventuel accord de paix. Si les dirigeants pourraient acter les contributions des diff\u00e9rents pays de la coalition \u00e0 cette mission militaire, ils n\u2019en d\u00e9voileront que \u00abce que le secret militaire permet de dire\u00bb, a pr\u00e9venu le conseiller d\u2019Emmanuel Macron. Il ne faut donc pas s\u2019attendre \u00e0 conna\u00eetre les effectifs de cette force ou les contributions des Etats pr\u00eats \u00e0 y participer, comme la France et le Royaume-Uni. Jeudi, Emmanuel Macron recevra le pr\u00e9sident du S\u00e9nat G\u00e9rard Larcher, son homologue \u00e0 l\u2019Assembl\u00e9e nationale Ya\u00ebl Braun-Pivet et les pr\u00e9sidents des partis et groupes parlementaires pour faire le point. La convergence semble moins compl\u00e8te s\u2019agissant des n\u00e9gociations de paix men\u00e9es par les Etats-Unis parall\u00e8lement, avec l\u2019Ukraine et la Russie. Une rencontre entre Volodymyr Zelensky et Donald Trump fin d\u00e9cembre et des conversations t\u00e9l\u00e9phoniques entre le pr\u00e9sident am\u00e9ricain et son homologue russe Vladimir Poutine n\u2019ont pas permis d\u2019avancer sur les concessions territoriales exig\u00e9es par Moscou et le statut de la centrale nucl\u00e9aire de Zaporijjia. Depuis, les tractations se sont poursuivies au niveau des n\u00e9gociateurs, en particulier ukrainiens, europ\u00e9ens et am\u00e9ricains. Et le sujet sera \u00e0 nouveau \u00e9voqu\u00e9 \u00e0 Paris. Le Kremlin a fait conna\u00eetre son intention de \u00abdurcir\u00bb sa position apr\u00e8s avoir accus\u00e9 l\u2019Ukraine d\u2019avoir voulu viser avec des drones une r\u00e9sidence de Vladimir Poutine, ce que Kiev d\u00e9ment. Le chef de l\u2019Etat russe a r\u00e9p\u00e9t\u00e9 ces derni\u00e8res semaines que la Russie atteindrait ses objectifs en Ukraine par la voie des n\u00e9gociations ou par celle des armes. Des frappes russes ont touch\u00e9 lundi une clinique \u00e0 Kiev, tuant deux personnes. Sur le terrain, Moscou a poursuivi sa progression, revendiquant la prise de la localit\u00e9 de Grabovsk\u00e9, dans le nord-est de l\u2019Ukraine. Francesco FONTEMAGGI \u00a9 Agence France-Presse<\/p>\n","protected":false},"excerpt":{"rendered":"Ukraine: \u00e0 Paris, les Europ\u00e9ens veulent afficher leur \u00abconvergence\u00bb avec les Am\u00e9ricains sur les garanties de s\u00e9curit\u00e9 l&rsquo;Opinion&hellip;\n","protected":false},"author":2,"featured_media":648670,"comment_status":"","ping_status":"","sticky":false,"template":"","format":"standard","meta":{"footnotes":""},"categories":[1590],"tags":[11,1777,674,12,220],"class_list":{"0":"post-648669","1":"post","2":"type-post","3":"status-publish","4":"format-standard","5":"has-post-thumbnail","7":"category-ukraine","8":"tag-actualites","9":"tag-eu","10":"tag-europe","11":"tag-news","12":"tag-ukraine"},"share_on_mastodon":{"url":"https:\/\/pubeurope.com\/@fr\/115857720779235585","error":""},"_links":{"self":[{"href":"https:\/\/www.europesays.com\/fr\/wp-json\/wp\/v2\/posts\/648669","targetHints":{"allow":["GET"]}}],"collection":[{"href":"https:\/\/www.europesays.com\/fr\/wp-json\/wp\/v2\/posts"}],"about":[{"href":"https:\/\/www.europesays.com\/fr\/wp-json\/wp\/v2\/types\/post"}],"author":[{"embeddable":true,"href":"https:\/\/www.europesays.com\/fr\/wp-json\/wp\/v2\/users\/2"}],"replies":[{"embeddable":true,"href":"https:\/\/www.europesays.com\/fr\/wp-json\/wp\/v2\/comments?post=648669"}],"version-history":[{"count":0,"href":"https:\/\/www.europesays.com\/fr\/wp-json\/wp\/v2\/posts\/648669\/revisions"}],"wp:featuredmedia":[{"embeddable":true,"href":"https:\/\/www.europesays.com\/fr\/wp-json\/wp\/v2\/media\/648670"}],"wp:attachment":[{"href":"https:\/\/www.europesays.com\/fr\/wp-json\/wp\/v2\/media?parent=648669"}],"wp:term":[{"taxonomy":"category","embeddable":true,"href":"https:\/\/www.europesays.com\/fr\/wp-json\/wp\/v2\/categories?post=648669"},{"taxonomy":"post_tag","embeddable":true,"href":"https:\/\/www.europesays.com\/fr\/wp-json\/wp\/v2\/tags?post=648669"}],"curies":[{"name":"wp","href":"https:\/\/api.w.org\/{rel}","templated":true}]}}