{"id":64867,"date":"2025-04-30T17:11:11","date_gmt":"2025-04-30T17:11:11","guid":{"rendered":"https:\/\/www.europesays.com\/fr\/64867\/"},"modified":"2025-04-30T17:11:11","modified_gmt":"2025-04-30T17:11:11","slug":"dans-la-soif-de-honte-nicolas-bedos-revient-sur-sa-condamnation-et-revele-avoir-ete-victime-dun-viol","status":"publish","type":"post","link":"https:\/\/www.europesays.com\/fr\/64867\/","title":{"rendered":"Dans La Soif de honte, Nicolas Bedos revient sur sa condamnation et r\u00e9v\u00e8le avoir \u00e9t\u00e9 victime d\u2019un viol"},"content":{"rendered":"<p>Dans un livre qui sortira le 7 mai, l\u2019acteur et r\u00e9alisateur de 46 ans raconte son parcours avant et apr\u00e8s son jugement.<\/p>\n<p class=\"fig-paragraph\">La Soif de honte. C\u2019est le titre du nouveau livre de Nicolas Bedos, qui sortira le 7 mai. L\u2019acteur et r\u00e9alisateur fran\u00e7ais,\u00a0<a href=\"http:\/\/www.lefigaro.fr\/faits-divers\/nicolas-bedos-condamne-a-un-an-de-prison-dont-6-mois-avec-sursis-pour-agressions-sexuelles-20241022\" data-fig-type=\"NewsFlash\" data-gtm-custom-categorie=\"navigation\" data-gtm-custom-action=\"crossclick\" data-gtm-custom-label=\"Contextuel\" data-gtm-event=\"customEventSPE\" data-fig-domain=\"LEFIGARO\" target=\"_blank\" rel=\"noopener\">condamn\u00e9 en octobre \u00e0 un an de prison<\/a>\u00a0dont six mois avec sursis pour des agressions sexuelles sur deux femmes en 2023, revient dans cet ouvrage sur son parcours avant et apr\u00e8s ce jugement. \u00ab\u00a0Nicolas Bedos [y] d\u00e9crit l&rsquo;effondrement d&rsquo;une vie sous le poids des accusations et de la honte. Se confrontant \u00e0 ses failles et \u00e0 l&rsquo;h\u00e9ritage qu&rsquo;il laissera \u00e0 sa fille, il questionne les zones grises d&rsquo;une soci\u00e9t\u00e9 en mutation\u00a0\u00bb, \u00e9crivent les \u00e9ditions de L&rsquo;Observatoire dans leur pr\u00e9sentation du livre.<\/p>\n<p class=\"fig-paragraph\">\u00ab\u00a0\u00c7a m&rsquo;a permis de tenir debout pendant ces deux ans de silence, de me confronter \u00e0 mes erreurs, de d\u00e9battre avec ce \u201cmoi-m\u00eame\u201d qui, au d\u00e9part, ne comprenait rien \u00e0 ce qui lui arrivait\u00a0\u00bb, explicite Nicolas Bedos dans une interview au\u00a0<a href=\"https:\/\/www.lepoint.fr\/societe\/c-est-l-histoire-d-un-connard-nicolas-bedos-se-met-a-nu-29-04-2025-2588545_23.php\" target=\"_blank\" rel=\"nofollow noopener\" data-gtm-custom-categorie=\"navigation\" data-gtm-custom-action=\"crossclick\" data-gtm-custom-label=\"Contextuel\" data-gtm-event=\"customEventSPE\">Point<\/a> \u00a0mercredi.<\/p>\n<p class=\"fig-paragraph\">Apr\u00e8s avoir v\u00e9cu cet \u00e9pisode \u00ab\u00a0comme totalement injuste et disproportionn\u00e9\u00a0\u00bb, l&rsquo;int\u00e9ress\u00e9 affirme: \u00ab\u00a0je ne cherche m\u00eame plus \u00e0 me d\u00e9fendre sur les faits qui m&rsquo;ont \u00e9t\u00e9 reproch\u00e9s. Ce qui compte, c&rsquo;est que j&rsquo;ai fait du mal. Le plus souvent sans le vouloir, mais je l&rsquo;ai fait.\u00a0\u00bb<\/p>\n<p class=\"fig-body-link\">\n            \u00c0 lire aussi<br \/>\n        <a class=\"fig-body-link__link fig-premium-mark\" href=\"http:\/\/www.lefigaro.fr\/vox\/societe\/pourquoi-la-justice-est-elle-clemente-avec-les-delinquants-ordinaires-et-impitoyable-avec-nicolas-bedos-20241027\" data-fig-type=\"Article\" data-gtm-custom-categorie=\"navigation\" data-gtm-custom-action=\"crossclick\" data-gtm-custom-label=\"Contextuel\" data-gtm-event=\"customEventSPE\" data-fig-domain=\"LEFIGARO\" target=\"_blank\" rel=\"noopener\">Pourquoi la justice est-elle cl\u00e9mente avec les d\u00e9linquants ordinaires et impitoyable avec Nicolas Bedos\u00a0?<br \/>\n    <\/a>\n<\/p>\n<p>Un \u00ab\u00a0souci d\u2019apaisement\u00a0\u00bb<\/p>\n<p class=\"fig-paragraph\">Dans cet entretien, le fils de l&rsquo;humoriste Guy Bedos \u00e9voque aussi son alcoolisme et un viol subi de la part d&rsquo;une \u00ab\u00a0personne, tr\u00e8s admir\u00e9e \u00e0 l&rsquo;\u00e9poque, (qui) a vu sa vie sombrer de mani\u00e8re assez tragique par la suite\u00a0\u00bb et contre qui il n&rsquo;a \u00ab\u00a0jamais envisag\u00e9 de porter plainte\u00a0\u00bb. \u00ab\u00a0Mais je suis tr\u00e8s clair, je ne m&rsquo;en sers pas comme d&rsquo;un bouclier\u00a0\u00bb, ajoute l&rsquo;acteur et r\u00e9alisateur de 46 ans.<\/p>\n<p>\u00a0\u00bb<br \/>\n        data-script=\u00a0\u00bbhttps:\/\/static.lefigaro.fr\/widget-video\/short-ttl\/video\/index.js\u00a0\u00bb<br \/>\n    &gt;<\/p>\n<p class=\"fig-paragraph\">Fin janvier, il avait renonc\u00e9 \u00e0 son appel \u00ab\u00a0dans un souci d&rsquo;apaisement\u00a0\u00bb. Une plaignante l&rsquo;accusait de s&rsquo;\u00eatre dirig\u00e9 vers elle avant de tendre la main droite au niveau de son sexe, par-dessus son jean, dans la nuit du 1er au 2 juin 2023. Une autre avait racont\u00e9 qu&rsquo;ivre, il l&rsquo;avait attrap\u00e9e par la taille et embrass\u00e9e dans le cou dans la nuit du 11 au 12 mai 2023. L&rsquo;acteur a, en revanche, \u00e9t\u00e9 relax\u00e9 \u00ab\u00a0au b\u00e9n\u00e9fice du doute\u00a0\u00bb pour des faits de harc\u00e8lement sexuel en 2018.<\/p>\n<p class=\"fig-paragraph\">Au cours de l&rsquo;audience, il s&rsquo;\u00e9tait d\u00e9fendu d&rsquo;\u00eatre \u00ab\u00a0un agresseur sexuel\u00a0\u00bb et avait \u00e9voqu\u00e9 un \u00ab\u00a0black-out\u00a0\u00bb, en reconnaissant des probl\u00e8mes d&rsquo;alcool et \u00ab\u00a0une amabilit\u00e9 lourde\u00a0\u00bb en cas d&rsquo;ivresse.<\/p>\n","protected":false},"excerpt":{"rendered":"Dans un livre qui sortira le 7 mai, l\u2019acteur et r\u00e9alisateur de 46 ans raconte son parcours avant&hellip;\n","protected":false},"author":2,"featured_media":64868,"comment_status":"","ping_status":"","sticky":false,"template":"","format":"standard","meta":{"footnotes":""},"categories":[2],"tags":[47,11,1401,1350,1348,1345,650,251,1349,1346,1011,27,1351,873,12,16083,252,1347,1352],"class_list":{"0":"post-64867","1":"post","2":"type-post","3":"status-publish","4":"format-standard","5":"has-post-thumbnail","7":"category-actualites","8":"tag-actualite","9":"tag-actualites","10":"tag-agressions-sexuelles","11":"tag-architecture","12":"tag-arts","13":"tag-cine","14":"tag-cinema","15":"tag-culture","16":"tag-expositions","17":"tag-films","18":"tag-fr","19":"tag-france","20":"tag-litterature","21":"tag-musique","22":"tag-news","23":"tag-nicolas-bedos","24":"tag-television","25":"tag-theatre","26":"tag-urbanisme"},"share_on_mastodon":{"url":"https:\/\/pubeurope.com\/@fr\/114428030750164177","error":""},"_links":{"self":[{"href":"https:\/\/www.europesays.com\/fr\/wp-json\/wp\/v2\/posts\/64867","targetHints":{"allow":["GET"]}}],"collection":[{"href":"https:\/\/www.europesays.com\/fr\/wp-json\/wp\/v2\/posts"}],"about":[{"href":"https:\/\/www.europesays.com\/fr\/wp-json\/wp\/v2\/types\/post"}],"author":[{"embeddable":true,"href":"https:\/\/www.europesays.com\/fr\/wp-json\/wp\/v2\/users\/2"}],"replies":[{"embeddable":true,"href":"https:\/\/www.europesays.com\/fr\/wp-json\/wp\/v2\/comments?post=64867"}],"version-history":[{"count":0,"href":"https:\/\/www.europesays.com\/fr\/wp-json\/wp\/v2\/posts\/64867\/revisions"}],"wp:featuredmedia":[{"embeddable":true,"href":"https:\/\/www.europesays.com\/fr\/wp-json\/wp\/v2\/media\/64868"}],"wp:attachment":[{"href":"https:\/\/www.europesays.com\/fr\/wp-json\/wp\/v2\/media?parent=64867"}],"wp:term":[{"taxonomy":"category","embeddable":true,"href":"https:\/\/www.europesays.com\/fr\/wp-json\/wp\/v2\/categories?post=64867"},{"taxonomy":"post_tag","embeddable":true,"href":"https:\/\/www.europesays.com\/fr\/wp-json\/wp\/v2\/tags?post=64867"}],"curies":[{"name":"wp","href":"https:\/\/api.w.org\/{rel}","templated":true}]}}