{"id":648673,"date":"2026-01-08T05:02:12","date_gmt":"2026-01-08T05:02:12","guid":{"rendered":"https:\/\/www.europesays.com\/fr\/648673\/"},"modified":"2026-01-08T05:02:12","modified_gmt":"2026-01-08T05:02:12","slug":"le-droit-de-manifester-attaque-au-royaume-uni-deplore-human-rights-watch","status":"publish","type":"post","link":"https:\/\/www.europesays.com\/fr\/648673\/","title":{"rendered":"Le droit de manifester \u00ab\u00a0attaqu\u00e9\u00a0\u00bb au Royaume-Uni, d\u00e9plore Human Rights Watch"},"content":{"rendered":"<p class=\"ap-StoryElement ap-StoryElement--mb ap-StoryText\">L&rsquo;ONG d\u00e9plore que le gouvernement travailliste de Keir Starmer, arriv\u00e9 au pouvoir en juillet 2024, ne soit pas revenu sur deux lois adopt\u00e9es sous les pr\u00e9c\u00e9dents gouvernements conservateurs en 2022 et 2023, qui ont par exemple baiss\u00e9 le seuil de d\u00e9finition du trouble \u00e0 l&rsquo;ordre public afin de faciliter les arrestations, ou encore permis des arrestations pr\u00e9ventives.<\/p>\n<p class=\"ap-StoryElement ap-StoryElement--mb ap-StoryText\">Ces lois faisaient suite notamment \u00e0 la multiplication des actions des groupes \u00e9cologistes Extinction Rebellion et Just Stop Oil, durant lesquelles leurs militants bloquaient des axes routiers ou s&rsquo;attachaient \u00e0 des b\u00e2timents.<\/p>\n<p class=\"ap-StoryElement ap-StoryElement--mb ap-StoryText\">Elles ont abouti \u00e0 davantage d&rsquo;arrestations, d&rsquo;inculpations et dans certains cas \u00e0 l&rsquo;imposition de peines de prison de plusieurs ann\u00e9es, l\u00e0 o\u00f9 pr\u00e9c\u00e9demment les manifestants n&rsquo;auraient \u00e9cop\u00e9 que d&rsquo;amendes ou de peines avec sursis, souligne HRW.<\/p>\n<p class=\"ap-StoryElement ap-StoryElement--mb ap-StoryText\">Et l&rsquo;ONG s&rsquo;inqui\u00e8te des nouvelles restrictions pr\u00e9vues dans le projet de loi sur la criminalit\u00e9 et la police (en cours d&rsquo;examen au Parlement, ndlr) du gouvernement de Keir Starmer, lui-m\u00eame ancien avocat des droits humains.<\/p>\n<p class=\"ap-StoryElement ap-StoryElement--mb ap-StoryText\">Ce texte pr\u00e9voit des mesures pour r\u00e9primer les personnes dissimulant leur visage durant une manifestation, ou encore pour restreindre les rassemblements devant les lieux de culte.<\/p>\n","protected":false},"excerpt":{"rendered":"L&rsquo;ONG d\u00e9plore que le gouvernement travailliste de Keir Starmer, arriv\u00e9 au pouvoir en juillet 2024, ne soit pas&hellip;\n","protected":false},"author":2,"featured_media":2837,"comment_status":"","ping_status":"","sticky":false,"template":"","format":"standard","meta":{"footnotes":""},"categories":[1588],"tags":[11,1777,674,2088,12,11356,1072,473,1853,1851,1850,1852],"class_list":{"0":"post-648673","1":"post","2":"type-post","3":"status-publish","4":"format-standard","5":"has-post-thumbnail","7":"category-royaume-uni","8":"tag-actualites","9":"tag-eu","10":"tag-europe","11":"tag-manifestation","12":"tag-news","13":"tag-ong","14":"tag-police","15":"tag-royaume-uni","16":"tag-royaume-uni-de-grande-bretagne-et-dirlande-du-nord","17":"tag-uk","18":"tag-united-kingdom","19":"tag-united-kingdom-of-great-britain-and-northern-ireland"},"share_on_mastodon":{"url":"https:\/\/pubeurope.com\/@fr\/115857728760608581","error":""},"_links":{"self":[{"href":"https:\/\/www.europesays.com\/fr\/wp-json\/wp\/v2\/posts\/648673","targetHints":{"allow":["GET"]}}],"collection":[{"href":"https:\/\/www.europesays.com\/fr\/wp-json\/wp\/v2\/posts"}],"about":[{"href":"https:\/\/www.europesays.com\/fr\/wp-json\/wp\/v2\/types\/post"}],"author":[{"embeddable":true,"href":"https:\/\/www.europesays.com\/fr\/wp-json\/wp\/v2\/users\/2"}],"replies":[{"embeddable":true,"href":"https:\/\/www.europesays.com\/fr\/wp-json\/wp\/v2\/comments?post=648673"}],"version-history":[{"count":0,"href":"https:\/\/www.europesays.com\/fr\/wp-json\/wp\/v2\/posts\/648673\/revisions"}],"wp:featuredmedia":[{"embeddable":true,"href":"https:\/\/www.europesays.com\/fr\/wp-json\/wp\/v2\/media\/2837"}],"wp:attachment":[{"href":"https:\/\/www.europesays.com\/fr\/wp-json\/wp\/v2\/media?parent=648673"}],"wp:term":[{"taxonomy":"category","embeddable":true,"href":"https:\/\/www.europesays.com\/fr\/wp-json\/wp\/v2\/categories?post=648673"},{"taxonomy":"post_tag","embeddable":true,"href":"https:\/\/www.europesays.com\/fr\/wp-json\/wp\/v2\/tags?post=648673"}],"curies":[{"name":"wp","href":"https:\/\/api.w.org\/{rel}","templated":true}]}}