{"id":648674,"date":"2026-01-08T05:03:16","date_gmt":"2026-01-08T05:03:16","guid":{"rendered":"https:\/\/www.europesays.com\/fr\/648674\/"},"modified":"2026-01-08T05:03:16","modified_gmt":"2026-01-08T05:03:16","slug":"la-pepite-lennart-karl-se-fait-detruire-en-allemagne","status":"publish","type":"post","link":"https:\/\/www.europesays.com\/fr\/648674\/","title":{"rendered":"la p\u00e9pite Lennart Karl se fait d\u00e9truire en Allemagne"},"content":{"rendered":"<p>\u00c0 seulement 17 ans, <a href=\"https:\/\/www.footmercato.net\/joueur\/lennart-karl\/\" target=\"_blank\" rel=\"noopener\">Lennart Karl<\/a> est la r\u00e9v\u00e9lation de ce d\u00e9but de saison. D\u00e9j\u00e0 auteur de six buts et deux passes d\u00e9cisives en 22 rencontres, toutes comp\u00e9titions confondues, le jeune milieu offensif allemand <a href=\"https:\/\/www.footmercato.net\/a4639742987369729397-bayern-munich-lennart-karl-le-phenomene-allemand-de-17-ans-qui-est-en-train-de-choquer-tout-le-monde?preview=0.23530118264792976\" target=\"_blank\" rel=\"noopener\">n\u2019en finit plus d\u2019impressionner<\/a>. \u00c0 tel point que certains supporters allemands r\u00e9clament sa titularisation avec la Mannschaft, pour la Coupe du Monde 2026. Mais depuis quelques heures, le jeune talent conna\u00eet une premi\u00e8re grosse pol\u00e9mique qui en train d\u2019enflammer toute l\u2019Allemagne apr\u00e8s s\u2019\u00eatre \u00ab\u00a0offert\u00a0\u00bb au Real Madrid.<\/p>\n<p>            La suite apr\u00e8s cette publicit\u00e9<\/p>\n<p>\u00abLe Bayern est un tr\u00e8s grand club. C\u2019est un r\u00eave d\u2019y jouer. Mais \u00e0 un moment donn\u00e9, je veux absolument aller au Real Madrid. C\u2019est mon club de r\u00eave, mais \u00e7a reste entre nous. Bien s\u00fbr, le Bayern est quelque chose de tr\u00e8s sp\u00e9cial et c\u2019est vraiment amusant\u00bb, a-t-il l\u00e2ch\u00e9, lui qui avait d\u00e9j\u00e0 fait un stage chez les Merengues lorsqu\u2019il avait 10 ans. Mais pour beaucoup, cette sortie ne passe pas et Lennart Karl l\u2019a bien compris puisqu\u2019il a \u00e9t\u00e9 oblig\u00e9 de supprimer les commentaires sur son compte Instagram apr\u00e8s avoir re\u00e7u une avalanche de critiques, lui demandant de ne plus jouer pour le <a href=\"https:\/\/www.footmercato.net\/club\/bayern-munich\/\" target=\"_blank\" rel=\"noopener\">Bayern Munich<\/a>.<\/p>\n<p>            La suite apr\u00e8s cette publicit\u00e9<\/p>\n<p>        Les supporters du Bayern incendient Lennart Karl<\/p>\n<p>Et la pol\u00e9mique ne cesse d\u2019enfler. \u00c0 tel point que certaines l\u00e9gendes du Bayern Munich ne soient dans l\u2019obligation de s\u2019en m\u00ealer, \u00e0 l\u2019image de Lothar Matth\u00e4us : \u00abje trouve formidable qu\u2019un jeune de 17 ans ait confiance en lui. Se fixer des objectifs n\u2019a absolument rien \u00e0 voir avec l\u2019arrogance. Je ne trouve cela ni pr\u00e9tentieux ni arrogant (\u2026) Si Karl devient suffisamment bon pour que le Real Madrid entame des n\u00e9gociations, il devra d\u2019abord accomplir quelque chose d\u2019extraordinaire avec le Bayern\u00bb, qui a souhait\u00e9 calmer le jeu.<\/p>\n<p>Mais d\u2019autres n\u2019ont pas h\u00e9sit\u00e9 \u00e0 le critiquer, \u00e0 l\u2019instar de Uli Stielike, pass\u00e9 par le Real Madrid : \u00abje trouve ces d\u00e9clarations pr\u00e9judiciables au gar\u00e7on, car il ne se fait pas d\u2019amis au Bayern, ni au sein du club, ni parmi les supporters. Il devrait d\u2019abord gagner en maturit\u00e9 et devenir titulaire indiscutable, avant d\u2019int\u00e9grer l\u2019\u00e9quipe nationale. Il a encore un long chemin \u00e0 parcourir\u00bb, a-t-il d\u00e9clar\u00e9, alors que d\u2019autres pr\u00e9f\u00e8rent \u00e9voquer son jeune \u00e2ge pour le d\u00e9fendre, en assurant que \u00abpour un jeune joueur, il est tout \u00e0 fait l\u00e9gitime de viser le Real Madrid\u00bb, comme l\u2019a \u00e9voqu\u00e9 G\u00fcnter Netzer, \u00e9galement pass\u00e9 par le Real Madrid. En clair, Lennart Karl va d\u2019abord devoir mettre tout le monde d\u2019accord. <\/p>\n<p>\n    Pub. le 06\/01\/2026 14:16<br \/>\n            &#8211; MAJ le 07\/01\/2026 22:16\n    <\/p>\n","protected":false},"excerpt":{"rendered":"\u00c0 seulement 17 ans, Lennart Karl est la r\u00e9v\u00e9lation de ce d\u00e9but de saison. D\u00e9j\u00e0 auteur de six&hellip;\n","protected":false},"author":2,"featured_media":648675,"comment_status":"","ping_status":"","sticky":false,"template":"","format":"standard","meta":{"footnotes":""},"categories":[1587],"tags":[11,672,1804,1805,1803,1777,674,1801,12,1802],"class_list":{"0":"post-648674","1":"post","2":"type-post","3":"status-publish","4":"format-standard","5":"has-post-thumbnail","7":"category-allemagne","8":"tag-actualites","9":"tag-allemagne","10":"tag-bundesrepublik-deutschland","11":"tag-de","12":"tag-deutschland","13":"tag-eu","14":"tag-europe","15":"tag-germany","16":"tag-news","17":"tag-republique-federale-dallemagne"},"share_on_mastodon":{"url":"https:\/\/pubeurope.com\/@fr\/115857732641860668","error":""},"_links":{"self":[{"href":"https:\/\/www.europesays.com\/fr\/wp-json\/wp\/v2\/posts\/648674","targetHints":{"allow":["GET"]}}],"collection":[{"href":"https:\/\/www.europesays.com\/fr\/wp-json\/wp\/v2\/posts"}],"about":[{"href":"https:\/\/www.europesays.com\/fr\/wp-json\/wp\/v2\/types\/post"}],"author":[{"embeddable":true,"href":"https:\/\/www.europesays.com\/fr\/wp-json\/wp\/v2\/users\/2"}],"replies":[{"embeddable":true,"href":"https:\/\/www.europesays.com\/fr\/wp-json\/wp\/v2\/comments?post=648674"}],"version-history":[{"count":0,"href":"https:\/\/www.europesays.com\/fr\/wp-json\/wp\/v2\/posts\/648674\/revisions"}],"wp:featuredmedia":[{"embeddable":true,"href":"https:\/\/www.europesays.com\/fr\/wp-json\/wp\/v2\/media\/648675"}],"wp:attachment":[{"href":"https:\/\/www.europesays.com\/fr\/wp-json\/wp\/v2\/media?parent=648674"}],"wp:term":[{"taxonomy":"category","embeddable":true,"href":"https:\/\/www.europesays.com\/fr\/wp-json\/wp\/v2\/categories?post=648674"},{"taxonomy":"post_tag","embeddable":true,"href":"https:\/\/www.europesays.com\/fr\/wp-json\/wp\/v2\/tags?post=648674"}],"curies":[{"name":"wp","href":"https:\/\/api.w.org\/{rel}","templated":true}]}}