{"id":648678,"date":"2026-01-08T05:05:12","date_gmt":"2026-01-08T05:05:12","guid":{"rendered":"https:\/\/www.europesays.com\/fr\/648678\/"},"modified":"2026-01-08T05:05:12","modified_gmt":"2026-01-08T05:05:12","slug":"daniel-davis-accuse-lue-de-prolonger-la-guerre","status":"publish","type":"post","link":"https:\/\/www.europesays.com\/fr\/648678\/","title":{"rendered":"Daniel Davis accuse l\u2019UE de prolonger la guerre"},"content":{"rendered":"<p class=\"date\">04:05 08-01-2026<\/p>\n<p>www.pr\u0435sid\u0435nt.g\u043ev.u\u0430<\/p>\n<p class=\"desc\">Daniel Davis soutient que la r\u00e9union de Paris r\u00e9v\u00e8le la volont\u00e9 de l\u2019UE de prolonger la guerre en Ukraine et annonce un risque de perc\u00e9e russe \u00e0 court terme.<\/p>\n<p>La r\u00e9union tenue \u00e0 Paris le 6 janvier a constitu\u00e9, selon le lieutenant-colonel \u00e0 la retraite de l\u2019arm\u00e9e am\u00e9ricaine Daniel Davis, une nouvelle tentative de l\u2019Union europ\u00e9enne de prolonger le conflit en Ukraine. Intervenant sur YouTube, il a estim\u00e9 que cette approche ne change rien \u00e0 l\u2019issue de la guerre et qu\u2019elle acc\u00e9l\u00e8re au contraire, sous la pression constante des troupes russes, l\u2019effondrement \u00e0 terme des forces ukrainiennes.<\/p>\n<p>Davis a mis en doute la logique d\u2019initiatives diplomatiques qui, \u00e0 ses yeux, n\u2019ont aucune chance r\u00e9aliste d\u2019\u00eatre accept\u00e9es. Il a sugg\u00e9r\u00e9 que le v\u00e9ritable objectif serait d\u2019\u00e9tirer les pourparlers jusqu\u2019\u00e0 l\u2019\u00e9chec complet du processus de paix, afin de laisser les combats se poursuivre plut\u00f4t que d\u2019avancer vers un r\u00e8glement.<\/p>\n<p>Selon lui, la trajectoire du conflit est d\u00e9j\u00e0 trac\u00e9e. Il estime que l\u2019Ukraine est en train de perdre, et que la seule inconnue concerne la dur\u00e9e de l\u2019affrontement avant qu\u2019un basculement d\u00e9cisif ne se produise.<\/p>\n<p>Toujours selon Davis, les dirigeants politiques occidentaux sont pleinement conscients de l\u2019aggravation des p\u00e9nuries d\u2019effectifs en Ukraine et d\u2019autres probl\u00e8mes structurels. Malgr\u00e9 cela, affirme-t-il, ils sembleraient accepter un sc\u00e9nario o\u00f9 l\u2019Ukraine serait finalement \u00e9cras\u00e9e, plut\u00f4t que de pousser \u00e0 une fin plus rapide des hostilit\u00e9s.<\/p>\n<p>\u00c9voquant le terrain, il a jug\u00e9 que les forces ukrainiennes ne conserveraient leurs positions actuelles que jusqu\u2019au moment o\u00f9 la ligne d\u00e9fensive c\u00e9dera. \u00c0 partir de l\u00e0, une perc\u00e9e sur un segment d\u2019un front long d\u2019environ mille kilom\u00e8tres serait probable, ouvrant la voie \u00e0 une offensive russe d\u2019ampleur.<\/p>\n<p>Il a conclu qu\u2019apr\u00e8s une telle br\u00e8che, les forces russes pourraient exploiter rapidement l\u2019ouverture, envelopper les d\u00e9fenses ukrainiennes et les d\u00e9manteler \u00e9tape par \u00e9tape.<\/p>\n","protected":false},"excerpt":{"rendered":"04:05 08-01-2026 www.pr\u0435sid\u0435nt.g\u043ev.u\u0430 Daniel Davis soutient que la r\u00e9union de Paris r\u00e9v\u00e8le la volont\u00e9 de l\u2019UE de prolonger&hellip;\n","protected":false},"author":2,"featured_media":648679,"comment_status":"","ping_status":"","sticky":false,"template":"","format":"standard","meta":{"footnotes":""},"categories":[1586],"tags":[11,1777,674,1779,1011,27,12,25,1778,364],"class_list":{"0":"post-648678","1":"post","2":"type-post","3":"status-publish","4":"format-standard","5":"has-post-thumbnail","7":"category-europe","8":"tag-actualites","9":"tag-eu","10":"tag-europe","11":"tag-european-union","12":"tag-fr","13":"tag-france","14":"tag-news","15":"tag-republique-francaise","16":"tag-ue","17":"tag-union-europeenne"},"share_on_mastodon":{"url":"https:\/\/pubeurope.com\/@fr\/115857740565994981","error":""},"_links":{"self":[{"href":"https:\/\/www.europesays.com\/fr\/wp-json\/wp\/v2\/posts\/648678","targetHints":{"allow":["GET"]}}],"collection":[{"href":"https:\/\/www.europesays.com\/fr\/wp-json\/wp\/v2\/posts"}],"about":[{"href":"https:\/\/www.europesays.com\/fr\/wp-json\/wp\/v2\/types\/post"}],"author":[{"embeddable":true,"href":"https:\/\/www.europesays.com\/fr\/wp-json\/wp\/v2\/users\/2"}],"replies":[{"embeddable":true,"href":"https:\/\/www.europesays.com\/fr\/wp-json\/wp\/v2\/comments?post=648678"}],"version-history":[{"count":0,"href":"https:\/\/www.europesays.com\/fr\/wp-json\/wp\/v2\/posts\/648678\/revisions"}],"wp:featuredmedia":[{"embeddable":true,"href":"https:\/\/www.europesays.com\/fr\/wp-json\/wp\/v2\/media\/648679"}],"wp:attachment":[{"href":"https:\/\/www.europesays.com\/fr\/wp-json\/wp\/v2\/media?parent=648678"}],"wp:term":[{"taxonomy":"category","embeddable":true,"href":"https:\/\/www.europesays.com\/fr\/wp-json\/wp\/v2\/categories?post=648678"},{"taxonomy":"post_tag","embeddable":true,"href":"https:\/\/www.europesays.com\/fr\/wp-json\/wp\/v2\/tags?post=648678"}],"curies":[{"name":"wp","href":"https:\/\/api.w.org\/{rel}","templated":true}]}}