{"id":648688,"date":"2026-01-08T05:12:11","date_gmt":"2026-01-08T05:12:11","guid":{"rendered":"https:\/\/www.europesays.com\/fr\/648688\/"},"modified":"2026-01-08T05:12:11","modified_gmt":"2026-01-08T05:12:11","slug":"pronostic-sebastian-korda-alex-michelsen-atp-brisbane","status":"publish","type":"post","link":"https:\/\/www.europesays.com\/fr\/648688\/","title":{"rendered":"Pronostic Sebastian Korda Alex Michelsen &#8211; ATP Brisbane"},"content":{"rendered":"<p class=\"text-xs leading-5 text-gray-400 mb-2\">\n                        Publi\u00e9 le 07\/01\/2026 08:35<br \/>\n                        \u00a0par<br \/>\n                                                            <a href=\"https:\/\/www.sportytrader.com\/auteur\/leo-measson-54\/\" target=\"_blank\" rel=\"noopener\">L\u00e9o Measson<\/a><\/p>\n<p>                                                    |<br \/>\n                            Modifi\u00e9 le<br \/>\n                                07\/01\/2026<br \/>\n                                \u00e0 08:54<\/p>\n<p>                                                                                                            dans<br \/>\n                                <a data-trans=\"tips.published.sport %sport%\" href=\"https:\/\/www.sportytrader.com\/pronostics\/tennis\/\" target=\"_blank\" rel=\"noopener\"><br \/>\n                                    Pronostics Tennis<br \/>\n                                <\/a><\/p>\n<p>L&rsquo;\u00e9tau se resserre au tournoi ATP 250 de Brisbane ! En effet, il est d\u00e9j\u00e0 temps d&rsquo;assister aux quarts de finale pour le public australien qui aura d&rsquo;ailleurs droit \u00e0 un duel 100% am\u00e9ricain entre\u00a0Sebastian Korda et\u00a0Alex Michelsen qui s&rsquo;affrontent\u00a0pour une place en demi-finale.<\/p>\n<p>Bien que la saison ne fasse que commencer, Sebastian Korda devrait arriver un peu plus frais que son adversaire dans ce duel. En effet, apr\u00e8s avoir remport\u00e9 son premier tour en 2 sets face au Mon\u00e9gasque Valentin Vacherot, il a b\u00e9n\u00e9fici\u00e9 de l&rsquo;abandon du Tch\u00e8que et tenant du titre Jiri Lehecka en 8e de finale. Concluant sa saison pr\u00e9c\u00e9dente par une demi-finale au tournoi de Ath\u00e8nes, l&rsquo;Am\u00e9ricain de 25 ans avait su remporter son pr\u00e9c\u00e9cent quart de finale sans difficult\u00e9 face \u00e0 M. Kecmanovic.<\/p>\n<p>Alex Michelsen, de son c\u00f4t\u00e9, a\u00a0conclu sa saison 2025 par la s\u00e9rie de 3 d\u00e9faites cons\u00e9cutives. C&rsquo;est pourquoi, il se devait de r\u00e9ussir son entr\u00e9e dans cette nouvelle saison afin de rapidement reprendre confiance. C&rsquo;est finalement ce qu&rsquo;il a r\u00e9ussi \u00e0 faire dans son premier tour et non sans difficult\u00e9 puisqu&rsquo;il a \u00e9t\u00e9 largement accroch\u00e9 par le qualifi\u00e9 et local\u00a0James Duckworth (86e mondial) sur le score de 6-7(4-7), 7-6(7-2), 6-3. Plus exp\u00e9ditif en 8e de finale en battant son compatriote Learner Tien en 2 sets, il devrait arriver dans ce match avec de grands espoirs.\u00a0<\/p>\n","protected":false},"excerpt":{"rendered":"Publi\u00e9 le 07\/01\/2026 08:35 \u00a0par L\u00e9o Measson | Modifi\u00e9 le 07\/01\/2026 \u00e0 08:54 dans Pronostics Tennis L&rsquo;\u00e9tau se&hellip;\n","protected":false},"author":2,"featured_media":648689,"comment_status":"","ping_status":"","sticky":false,"template":"","format":"standard","meta":{"footnotes":""},"categories":[1415],"tags":[34348,74873,1011,27,1817,1821,75389,60,1467],"class_list":{"0":"post-648688","1":"post","2":"type-post","3":"status-publish","4":"format-standard","5":"has-post-thumbnail","7":"category-tennis","8":"tag-alex-michelsen","9":"tag-atp-brisbane","10":"tag-fr","11":"tag-france","12":"tag-pronostic","13":"tag-pronostics","14":"tag-sebastian-korda","15":"tag-sports","16":"tag-tennis"},"share_on_mastodon":{"url":"https:\/\/pubeurope.com\/@fr\/115857767972710255","error":""},"_links":{"self":[{"href":"https:\/\/www.europesays.com\/fr\/wp-json\/wp\/v2\/posts\/648688","targetHints":{"allow":["GET"]}}],"collection":[{"href":"https:\/\/www.europesays.com\/fr\/wp-json\/wp\/v2\/posts"}],"about":[{"href":"https:\/\/www.europesays.com\/fr\/wp-json\/wp\/v2\/types\/post"}],"author":[{"embeddable":true,"href":"https:\/\/www.europesays.com\/fr\/wp-json\/wp\/v2\/users\/2"}],"replies":[{"embeddable":true,"href":"https:\/\/www.europesays.com\/fr\/wp-json\/wp\/v2\/comments?post=648688"}],"version-history":[{"count":0,"href":"https:\/\/www.europesays.com\/fr\/wp-json\/wp\/v2\/posts\/648688\/revisions"}],"wp:featuredmedia":[{"embeddable":true,"href":"https:\/\/www.europesays.com\/fr\/wp-json\/wp\/v2\/media\/648689"}],"wp:attachment":[{"href":"https:\/\/www.europesays.com\/fr\/wp-json\/wp\/v2\/media?parent=648688"}],"wp:term":[{"taxonomy":"category","embeddable":true,"href":"https:\/\/www.europesays.com\/fr\/wp-json\/wp\/v2\/categories?post=648688"},{"taxonomy":"post_tag","embeddable":true,"href":"https:\/\/www.europesays.com\/fr\/wp-json\/wp\/v2\/tags?post=648688"}],"curies":[{"name":"wp","href":"https:\/\/api.w.org\/{rel}","templated":true}]}}