{"id":648696,"date":"2026-01-08T05:21:09","date_gmt":"2026-01-08T05:21:09","guid":{"rendered":"https:\/\/www.europesays.com\/fr\/648696\/"},"modified":"2026-01-08T05:21:09","modified_gmt":"2026-01-08T05:21:09","slug":"la-bataille-la-malediction-de-lile-lelimination-de-vivian-et-melanie-da-cruz-part-en-vrille-tf1","status":"publish","type":"post","link":"https:\/\/www.europesays.com\/fr\/648696\/","title":{"rendered":"La Bataille : La Mal\u00e9diction de L&#039;\u00eele &#8211; L&#039;\u00e9limination de Vivian et M\u00e9lanie Da Cruz part en vrille &#8211; TF1+"},"content":{"rendered":"<ol>\n<li><a href=\"https:\/\/news.google.com\/rss\/articles\/CBMi_wFBVV95cUxPTFd6VnUtOUdvRTFiR2dzQ2dTNC0wMEUyWjJlXzQ2dVZ2cXJ5YWl0aGpEV05RWnhYY080TlRVV18xWW81MGFxcUI0eTliRHd1ZUNGWm9qV1Z2VHBWMG5nR3gyMmVqQjRVT2lLZkQweWQxcjVWSE94TWdYRTV6NXpfakZNd05zWnpqS1h3U0hTZ2VndFJZMElZTDZyalYxNVZZTEI4Y0ZlaHNWUDVZY2ZwYl9famFfbVF2WXAtdXZMc2JiSWE5ZXl3TmtkcUIxbldiN1VQdjdncGxMZVJ4TlFOTFpicGxOd3d4eVNYVzFwOE5MX0d3TUJyTEtDcTAwQTQ?oc=5\" target=\"_blank\" rel=\"noopener\">La Bataille : La Mal\u00e9diction de L&rsquo;\u00eele &#8211; L&rsquo;\u00e9limination de Vivian et M\u00e9lanie Da Cruz part en vrille<\/a>&nbsp;&nbsp;TF1+<\/li>\n<li><a href=\"https:\/\/news.google.com\/rss\/articles\/CBMi5wFBVV95cUxPREFFNXIyeENndXZhei1VZDhhRjVZRThTZGdDOVF4QXB2S2h5R1RISG9RdmlXY015eWVDZmtWN243SmpCUGNuRlBhVVVsRE5GcmNwdFFjUmVHV2xFWktTekdHT3VIbWZfWHNMLWt6TUtMa0wyck56Y0s1My1GN05MN0QyeU96UkVPS3hGUUJiOHpsZi1vS1lOWFk1Tm52dzloMUNna1VveVFzQUN3REhfN3gzTnRwZzNvOVhJQmszZ2puVGJPcjVfQm5rZV9kV0dOQWRwMEJzUGJCSGhxLUl3X0pZcHU1eVk?oc=5\" target=\"_blank\" rel=\"noopener\">La Bataille : La Mal\u00e9diction de L&rsquo;\u00eele &#8211; Saison 01 Episode 38 du 6 janvier 2026<\/a>&nbsp;&nbsp;TF1+<\/li>\n<li><a href=\"https:\/\/news.google.com\/rss\/articles\/CBMi_AFBVV95cUxNVDJNTnBwaUhGUmxfZEFOa0pyR093OE1CbU5ySUNSUHZvdjdwLUMxb09VeGsyaGdJN0psNnB6eWRsRzhSaXplVWhma2hzZ01Fc1JxWDVxUElSNFU2MW1ubjJnWkJSRnlhV2ZvVEZBa2JMODJfcVVIZkxNOWd4aVNZRFZVZVFwQWV3anIwYXp4M19HUFZfU2p0ZVlxM25qOTlOMGxTckQzNldHV1NDczFyZmQteHFXbmY3ekh2SWhLX2cxVkF5MUJqdHppQ3RIak1nZ2ZCTVhmQ05nYnBwWE1oSVY2Yk1pcFAwejVfc0QxaGNGS1BPeEgzYXZYbjU?oc=5\" target=\"_blank\" rel=\"noopener\">La Bataille, la Mal\u00e9diction de l&rsquo;\u00eele : Giovanni exclu apr\u00e8s un comportement inappropri\u00e9 envers Vivian dans l&rsquo;\u00e9pisode du jeudi 8 janvier<\/a>&nbsp;&nbsp;T\u00e9l\u00e9 2 Semaines<\/li>\n<li><a href=\"https:\/\/news.google.com\/rss\/articles\/CBMihAFBVV95cUxPLU1aYUVGRi1tdE1jQ04xRHRBbXVKckY4M3RoUjc3WUtwMklmRzMwaWpqYURlTGRPZVhCWGplS2xnZnhoTFlodUpoQ21IVnlpdjA0YmdCZkwzdHBrakZjWUlNdVJ2SFh4UHZURE5sNGdBMmxkUzlmTVVWSFFvYjlFU0tGZVE?oc=5\" target=\"_blank\" rel=\"noopener\">La Bataille : La mal\u00e9diction de l&rsquo;\u00eele<\/a>&nbsp;&nbsp;T\u00e9l\u00e9pro<\/li>\n<li><a href=\"https:\/\/news.google.com\/rss\/articles\/CBMi7gFBVV95cUxOa0lFNU0xZ0IxNC0tX1JwNXRUbWhJZllFR0I2eXFMMVVfeFlLZXh0MXdYYU4wRlBsNV9nblc2LUJFSzRTWndlV2p6bEJuWFNQZjNFdmtQOXdTYTFJRVVTcXBXT3N2WWx1M0JfVFpWdjdla2hMcDZqc3hMXy1YcjhwSnBXeWdVNXN0RjNBcEcxUU1vclFpd2tIWG9ZWnl1MG9vZGYzbkM4dzYyRTFHT0w0eURjcUpYbFB6bERFaHdfUEdEOHBWdVVwMG82U2ZIZWFkN1NGaDZpQW5EVGhpMnVPTDQyb2VOSVk3RWgxajd3?oc=5\" target=\"_blank\" rel=\"noopener\">Avant-premi\u00e8re &#8211; La Bataille : La Mal\u00e9diction de L&rsquo;\u00eele &#8211; Episode 40 du 8 janvier 2026<\/a>&nbsp;&nbsp;TF1+<\/li>\n<\/ol>\n","protected":false},"excerpt":{"rendered":"La Bataille : La Mal\u00e9diction de L&rsquo;\u00eele &#8211; L&rsquo;\u00e9limination de Vivian et M\u00e9lanie Da Cruz part en vrille&nbsp;&nbsp;TF1+&hellip;\n","protected":false},"author":2,"featured_media":395849,"comment_status":"","ping_status":"","sticky":false,"template":"","format":"standard","meta":{"footnotes":""},"categories":[1356],"tags":[58,59,1011,27,252,1364],"class_list":{"0":"post-648696","1":"post","2":"type-post","3":"status-publish","4":"format-standard","5":"has-post-thumbnail","7":"category-television","8":"tag-divertissement","9":"tag-entertainment","10":"tag-fr","11":"tag-france","12":"tag-television","13":"tag-tv"},"share_on_mastodon":{"url":"https:\/\/pubeurope.com\/@fr\/115857803645824581","error":""},"_links":{"self":[{"href":"https:\/\/www.europesays.com\/fr\/wp-json\/wp\/v2\/posts\/648696","targetHints":{"allow":["GET"]}}],"collection":[{"href":"https:\/\/www.europesays.com\/fr\/wp-json\/wp\/v2\/posts"}],"about":[{"href":"https:\/\/www.europesays.com\/fr\/wp-json\/wp\/v2\/types\/post"}],"author":[{"embeddable":true,"href":"https:\/\/www.europesays.com\/fr\/wp-json\/wp\/v2\/users\/2"}],"replies":[{"embeddable":true,"href":"https:\/\/www.europesays.com\/fr\/wp-json\/wp\/v2\/comments?post=648696"}],"version-history":[{"count":0,"href":"https:\/\/www.europesays.com\/fr\/wp-json\/wp\/v2\/posts\/648696\/revisions"}],"wp:featuredmedia":[{"embeddable":true,"href":"https:\/\/www.europesays.com\/fr\/wp-json\/wp\/v2\/media\/395849"}],"wp:attachment":[{"href":"https:\/\/www.europesays.com\/fr\/wp-json\/wp\/v2\/media?parent=648696"}],"wp:term":[{"taxonomy":"category","embeddable":true,"href":"https:\/\/www.europesays.com\/fr\/wp-json\/wp\/v2\/categories?post=648696"},{"taxonomy":"post_tag","embeddable":true,"href":"https:\/\/www.europesays.com\/fr\/wp-json\/wp\/v2\/tags?post=648696"}],"curies":[{"name":"wp","href":"https:\/\/api.w.org\/{rel}","templated":true}]}}