{"id":648706,"date":"2026-01-08T05:27:18","date_gmt":"2026-01-08T05:27:18","guid":{"rendered":"https:\/\/www.europesays.com\/fr\/648706\/"},"modified":"2026-01-08T05:27:18","modified_gmt":"2026-01-08T05:27:18","slug":"ces-lunettes-ajustent-votre-vue-automatiquement-et-cela-sonne-la-fin-du-calvaire-des-verres-progressifs-frandroid","status":"publish","type":"post","link":"https:\/\/www.europesays.com\/fr\/648706\/","title":{"rendered":"Ces lunettes ajustent votre vue automatiquement, et cela sonne la fin du calvaire des verres progressifs \u2014 Frandroid"},"content":{"rendered":"<p>i vous portez des verres progressifs, vous savez de quoi je vais parler : bouger la t\u00eate sans cesse pour trouver la zone de nettet\u00e9. C\u2019est infernal. La start-up finlandaise <strong>Ixi<\/strong> promet de r\u00e9gler \u00e7a avec des lunettes capables de faire le point toutes seules. Le prototype p\u00e8se <strong>22 grammes<\/strong>, mais il faudra attendre 2027.<\/p>\n<p><a target=\"_blank\" href=\"https:\/\/images.frandroid.com\/wp-content\/uploads\/2026\/01\/image-44-13.jpg\" class=\"article-content__figure\" rel=\"noopener\"><img fetchpriority=\"high\" decoding=\"async\" loading=\"eager\" width=\"860\" height=\"608\" src=\"https:\/\/www.europesays.com\/fr\/wp-content\/uploads\/2026\/01\/image-44-13.jpg\" alt=\"\" class=\"wp-image-2934335 wp-image wp-image\"  \/><\/a><\/p>\n<p>Vous avez d\u00e9j\u00e0 vu quelqu\u2019un avec des verres progressifs essayer de lire un menu au restaurant ? Cela semble \u00eatre un calvaire. C\u2019est le probl\u00e8me universel de la presbytie : les verres actuels sont des compromis optiques avec des zones de flou in\u00e9vitables. <strong>Ixi<\/strong>, une entreprise finlandaise, pense avoir la solution.<\/p>\n<p>Leur concept est simple : des lunettes qui font le point \u00e0 votre place. Le prototype, d\u00e9voil\u00e9 r\u00e9cemment, p\u00e8se \u00e0 peine <strong>22 grammes<\/strong>. <\/p>\n<p>C\u2019est ridiculeusement l\u00e9ger pour de la \u00ab\u00a0tech\u00a0\u00bb embarqu\u00e9e. Pour comparer, une paire de Ray-Ban Wayfarer classiques p\u00e8se environ 45 grammes. Mais derri\u00e8re ce poids plume se cache une promesse lourde : la commercialisation n\u2019est pr\u00e9vue que pour <strong>2027<\/strong>.<\/p>\n<p>La magie des cristaux liquides<\/p>\n<p>Comment \u00e7a marche ? Ce ne sont pas de petits moteurs m\u00e9caniques qui font \u00ab\u00a0bzzz\u00a0\u00bb ou les verres qui coulissent. Ixi utilise une approche beaucoup plus \u00e9l\u00e9gante bas\u00e9es sur les <strong>cristaux liquides<\/strong>.<\/p>\n<p><a target=\"_blank\" href=\"https:\/\/www.europesays.com\/fr\/wp-content\/uploads\/2026\/01\/image-44.png\" class=\"article-content__figure\"><img loading=\"lazy\" decoding=\"async\" width=\"860\" height=\"484\" src=\"https:\/\/www.europesays.com\/fr\/wp-content\/uploads\/2026\/01\/image-44.png\" alt=\"\" class=\"wp-image-2934337 wp-image\"  \/><\/a><\/p>\n<p>Le principe est ing\u00e9nieux. La monture int\u00e8gre des <strong>LED infrarouges<\/strong> et des photodiodes qui surveillent vos yeux en permanence. Le syst\u00e8me d\u00e9tecte ce que vous regardez (pr\u00e8s ou loin) et envoie une impulsion \u00e9lectrique aux verres. Les cristaux liquides modifient alors leur indice de r\u00e9fraction, changeant la puissance du verre en temps r\u00e9el.<\/p>\n<p><a target=\"_blank\" href=\"https:\/\/www.europesays.com\/fr\/wp-content\/uploads\/2026\/01\/image-45.jpg\" class=\"article-content__figure\"><img loading=\"lazy\" decoding=\"async\" width=\"860\" height=\"484\" src=\"https:\/\/www.europesays.com\/fr\/wp-content\/uploads\/2026\/01\/image-45.jpg\" alt=\"\" class=\"wp-image-2934339 wp-image\"  \/><\/a><\/p>\n<p>Concr\u00e8tement, \u00e7a change tout :<\/p>\n<ul class=\"wp-block-list\">\n<li><strong>Plus de distorsion p\u00e9riph\u00e9rique :<\/strong> contrairement aux progressifs o\u00f9 tout est flou sur les c\u00f4t\u00e9s, ici, toute la surface du verre est nette.<\/li>\n<li><strong>Adaptation imm\u00e9diate :<\/strong> pas besoin de passer deux semaines \u00e0 avoir mal au cr\u00e2ne pour \u00ab\u00a0habituer son cerveau\u00a0\u00bb.<\/li>\n<li><strong>Champ de vision total :<\/strong> quand vous ne lisez pas, la correction de pr\u00e8s dispara\u00eet totalement.<\/li>\n<\/ul>\n<p>C\u2019est techniquement tr\u00e8s fort. D\u2019autres, comme <strong>Morrow Eyewear<\/strong> ou <strong>DeepOptics<\/strong>, s\u2019y sont d\u00e9j\u00e0 cass\u00e9 les dents ou proposent des produits encore imparfaits. Si Ixi tient sa promesse de 22 grammes, ils auront plusieurs ann\u00e9es d\u2019avance sur l\u2019ergonomie.<\/p>\n<p>Le probl\u00e8me de la batterie et du prix<\/p>\n<p>Il y a un \u00ab\u00a0mais\u00a0\u00bb. Et il est de taille. Ces lunettes sont un appareil \u00e9lectronique. Qui dit \u00e9lectronique, dit \u00e9nergie. Vous devrez donc <strong>recharger vos lunettes de vue<\/strong>.<\/p>\n<p>La marque reste floue sur l\u2019autonomie. Pour un usage quotidien, si la batterie l\u00e2che \u00e0 16h, vous faites quoi ? Vous redevenez myope ? Ixi a pr\u00e9vu le coup avec un <strong>mode de s\u00e9curit\u00e9<\/strong> : si la batterie est vide ou l\u2019\u00e9lectronique plante, le verre revient \u00e0 sa correction par d\u00e9faut (probablement votre vision de loin). Rassurant pour la conduite, mais frustrant pour lire ses SMS en fin de journ\u00e9e.<\/p>\n<p>L\u2019autre inconnue, c\u2019est le prix. Ixi vise clairement le <strong>segment haut de gamme<\/strong>. Vu la technologie embarqu\u00e9e (eye-tracking + verres actifs + miniaturisation extr\u00eame), on ne parle pas d\u2019une paire rembours\u00e9e \u00e0 100 % par votre mutuelle. On s\u2019approche probablement des tarifs d\u2019un smartphone haut de gamme. 1000 euros, et m\u00eame plus.<\/p>\n","protected":false},"excerpt":{"rendered":"i vous portez des verres progressifs, vous savez de quoi je vais parler : bouger la t\u00eate sans&hellip;\n","protected":false},"author":2,"featured_media":648707,"comment_status":"","ping_status":"","sticky":false,"template":"","format":"standard","meta":{"footnotes":""},"categories":[7],"tags":[1011,27,43,40,41,39,42,44],"class_list":{"0":"post-648706","1":"post","2":"type-post","3":"status-publish","4":"format-standard","5":"has-post-thumbnail","7":"category-sciences-et-technologies","8":"tag-fr","9":"tag-france","10":"tag-science","11":"tag-science-and-technology","12":"tag-sciences","13":"tag-sciences-et-technologies","14":"tag-technologies","15":"tag-technology"},"share_on_mastodon":{"url":"https:\/\/pubeurope.com\/@fr\/115857827095134711","error":""},"_links":{"self":[{"href":"https:\/\/www.europesays.com\/fr\/wp-json\/wp\/v2\/posts\/648706","targetHints":{"allow":["GET"]}}],"collection":[{"href":"https:\/\/www.europesays.com\/fr\/wp-json\/wp\/v2\/posts"}],"about":[{"href":"https:\/\/www.europesays.com\/fr\/wp-json\/wp\/v2\/types\/post"}],"author":[{"embeddable":true,"href":"https:\/\/www.europesays.com\/fr\/wp-json\/wp\/v2\/users\/2"}],"replies":[{"embeddable":true,"href":"https:\/\/www.europesays.com\/fr\/wp-json\/wp\/v2\/comments?post=648706"}],"version-history":[{"count":0,"href":"https:\/\/www.europesays.com\/fr\/wp-json\/wp\/v2\/posts\/648706\/revisions"}],"wp:featuredmedia":[{"embeddable":true,"href":"https:\/\/www.europesays.com\/fr\/wp-json\/wp\/v2\/media\/648707"}],"wp:attachment":[{"href":"https:\/\/www.europesays.com\/fr\/wp-json\/wp\/v2\/media?parent=648706"}],"wp:term":[{"taxonomy":"category","embeddable":true,"href":"https:\/\/www.europesays.com\/fr\/wp-json\/wp\/v2\/categories?post=648706"},{"taxonomy":"post_tag","embeddable":true,"href":"https:\/\/www.europesays.com\/fr\/wp-json\/wp\/v2\/tags?post=648706"}],"curies":[{"name":"wp","href":"https:\/\/api.w.org\/{rel}","templated":true}]}}