{"id":648710,"date":"2026-01-08T05:29:09","date_gmt":"2026-01-08T05:29:09","guid":{"rendered":"https:\/\/www.europesays.com\/fr\/648710\/"},"modified":"2026-01-08T05:29:09","modified_gmt":"2026-01-08T05:29:09","slug":"des-coupures-de-courant-dans-les-regions-de-dnipro-et-zaporijia-apres-des-frappes-russes","status":"publish","type":"post","link":"https:\/\/www.europesays.com\/fr\/648710\/","title":{"rendered":"des coupures de courant dans les r\u00e9gions de Dnipro et Zaporijia apr\u00e8s des frappes russes"},"content":{"rendered":"<p>   Volodymyr Zelensky sugg\u00e8re que Washington s\u2019en prenne au Tch\u00e9tch\u00e8ne Kadyrov afin de convaincre Moscou de mettre fin \u00e0 la guerre en Ukraine             <\/p>\n<p class=\"post__live-container--answer-text post__space-node\">Les Etats-Unis pourraient faire subir au dirigeant tch\u00e9tch\u00e8ne, Ramzan Kadyrov, le m\u00eame sort qu\u2019au pr\u00e9sident v\u00e9n\u00e9zu\u00e9lien, Nicolas Maduro, afin de convaincre Moscou de mettre fin \u00e0 la guerre en Ukraine, a sugg\u00e9r\u00e9 mercredi le chef de l\u2019Etat ukrainien, Volodymyr Zelensky. \u00ab\u00a0Voil\u00e0 un exemple avec Maduro, n\u2019est-ce pas\u00a0? (\u2026) Qu\u2019ils m\u00e8nent une sorte d\u2019op\u00e9ration avec [Ramzan] Kadyrov, avec ce meurtrier\u00a0\u00bb, a d\u00e9clar\u00e9 M.\u00a0Zelensky aux journalistes, au lendemain d\u2019un sommet \u00e0 Paris entre les Ukrainiens et leurs alli\u00e9s occidentaux.<\/p>\n<p class=\"post__live-container--answer-text post__space-node\">Il faisait r\u00e9f\u00e9rence \u00e0 l\u2019intervention militaire-choc de Washington samedi au cours de laquelle Nicolas Maduro et son \u00e9pouse ont \u00e9t\u00e9 captur\u00e9s et emmen\u00e9s de force \u00e0 New York. \u00ab\u00a0Peut-\u00eatre que [Vladimir] Poutine le verra et r\u00e9fl\u00e9chira \u00e0 deux fois\u00a0\u00bb, a lanc\u00e9 M.\u00a0Zelensky apr\u00e8s avoir avanc\u00e9 l\u2019id\u00e9e de prendre pour nouvelle cible le dirigeant tch\u00e9tch\u00e8ne.<\/p>\n<p class=\"post__live-container--answer-text post__space-node\">\u00ab\u00a0Il \u00e9met un avis de recherche \u00e0 mon encontre, il m\u2019impose des sanctions. Et voil\u00e0 qu\u2019il demande de l\u2019aide aux Am\u00e9ricains\u00a0\u00bb, a r\u00e9pondu M. Kadyrov <a href=\"https:\/\/t.me\/RKadyrov_95\/6291\" target=\"_blank\" rel=\"noopener\" title=\"Nouvelle fen\u00eatre\">sur Telegram<\/a>, dans un message accompagn\u00e9 d\u2019insultes.<\/p>\n<p class=\"post__live-container--answer-text post__space-node\">Ancien s\u00e9paratiste devenu un fid\u00e8le du chef de l\u2019Etat russe, M.\u00a0Kadyrov dirige d\u2019une main de fer la Tch\u00e9tch\u00e9nie, une r\u00e9publique russe du Caucase. Il a applaudi la d\u00e9cision du Kremlin d\u2019envahir l\u2019Ukraine en f\u00e9vrier 2022, multipliant les menaces \u00e0 l\u2019encontre de Kiev et de ses alli\u00e9s et envoyant des milliers de militaires tch\u00e9tch\u00e8nes au front.<\/p>\n<p class=\"post__live-container--answer-text post__space-node\">Accus\u00e9 de certains des principaux assassinats politiques de ces vingt derni\u00e8res ann\u00e9es en Russie, M.\u00a0Kadyrov est aussi mis en cause par des ONG pour de graves violations des droits humains dans sa r\u00e9publique. De nombreuses rumeurs ces derni\u00e8res ann\u00e9es l\u2019ont donn\u00e9 malade ou mourant. Au d\u00e9but de\u00a0janvier, l\u2019un de ses proches collaborateurs a diffus\u00e9 une vid\u00e9o dans laquelle on le voit en sa compagnie pour d\u00e9mentir de nouvelles all\u00e9gations faisant \u00e9tat de son hospitalisation dans une clinique de Moscou.<\/p>\n<p class=\"post__live-container--answer-text post__space-node\">Volodymyr Zelensky avait d\u00e9j\u00e0 r\u00e9agi samedi \u00e0 l\u2019op\u00e9ration am\u00e9ricaine au Venezuela, cette fois en semblant sugg\u00e9rer que les Am\u00e9ricains prennent pour cible Vladimir Poutine lui-m\u00eame. \u00ab\u00a0A propos du Venezuela\u00a0? Qu\u2019est-ce que je peux dire\u00a0? S\u2019il est permis de s\u2019occuper des dictateurs de cette fa\u00e7on, alors les Etats-Unis savent ce qu\u2019ils doivent faire ensuite\u00a0\u00bb, avait-il alors lanc\u00e9 en conf\u00e9rence de presse.<\/p>\n","protected":false},"excerpt":{"rendered":"Volodymyr Zelensky sugg\u00e8re que Washington s\u2019en prenne au Tch\u00e9tch\u00e8ne Kadyrov afin de convaincre Moscou de mettre fin \u00e0&hellip;\n","protected":false},"author":2,"featured_media":648711,"comment_status":"","ping_status":"","sticky":false,"template":"","format":"standard","meta":{"footnotes":""},"categories":[5],"tags":[11,1011,27,14,12,28],"class_list":{"0":"post-648710","1":"post","2":"type-post","3":"status-publish","4":"format-standard","5":"has-post-thumbnail","7":"category-international","8":"tag-actualites","9":"tag-fr","10":"tag-france","11":"tag-international","12":"tag-news","13":"tag-world"},"share_on_mastodon":{"url":"https:\/\/pubeurope.com\/@fr\/115857835074999516","error":""},"_links":{"self":[{"href":"https:\/\/www.europesays.com\/fr\/wp-json\/wp\/v2\/posts\/648710","targetHints":{"allow":["GET"]}}],"collection":[{"href":"https:\/\/www.europesays.com\/fr\/wp-json\/wp\/v2\/posts"}],"about":[{"href":"https:\/\/www.europesays.com\/fr\/wp-json\/wp\/v2\/types\/post"}],"author":[{"embeddable":true,"href":"https:\/\/www.europesays.com\/fr\/wp-json\/wp\/v2\/users\/2"}],"replies":[{"embeddable":true,"href":"https:\/\/www.europesays.com\/fr\/wp-json\/wp\/v2\/comments?post=648710"}],"version-history":[{"count":0,"href":"https:\/\/www.europesays.com\/fr\/wp-json\/wp\/v2\/posts\/648710\/revisions"}],"wp:featuredmedia":[{"embeddable":true,"href":"https:\/\/www.europesays.com\/fr\/wp-json\/wp\/v2\/media\/648711"}],"wp:attachment":[{"href":"https:\/\/www.europesays.com\/fr\/wp-json\/wp\/v2\/media?parent=648710"}],"wp:term":[{"taxonomy":"category","embeddable":true,"href":"https:\/\/www.europesays.com\/fr\/wp-json\/wp\/v2\/categories?post=648710"},{"taxonomy":"post_tag","embeddable":true,"href":"https:\/\/www.europesays.com\/fr\/wp-json\/wp\/v2\/tags?post=648710"}],"curies":[{"name":"wp","href":"https:\/\/api.w.org\/{rel}","templated":true}]}}