{"id":648714,"date":"2026-01-08T05:31:21","date_gmt":"2026-01-08T05:31:21","guid":{"rendered":"https:\/\/www.europesays.com\/fr\/648714\/"},"modified":"2026-01-08T05:31:21","modified_gmt":"2026-01-08T05:31:21","slug":"pourquoi-le-danemark-est-il-souverain-au-groenland-la-reponse-remonte-a-lage-des-vikings","status":"publish","type":"post","link":"https:\/\/www.europesays.com\/fr\/648714\/","title":{"rendered":"Pourquoi le Danemark est-il souverain au Groenland\u00a0? La r\u00e9ponse remonte \u00e0 l\u2019\u00e2ge des Vikings"},"content":{"rendered":"<p>        <img decoding=\"async\" loading=\"lazy\" src=\"https:\/\/www.europesays.com\/fr\/wp-content\/uploads\/2026\/01\/26da5e2_upload-1-8h4aoctlpgbc-afp-20251222-berg-denmarks251222-npfet-v1-midres-denmarkslinkstogreenl.jpeg\"  width=\"728\" height=\"410\" alt=\"Pourquoi le Danemark est-il souverain au Groenland\u00a0? La r\u00e9ponse remonte \u00e0 l\u2019\u00e2ge des Vikings\"\/>  <\/p>\n<p>KRISTIAN TUXEN LADEGAARD BERG \/ NurPhoto via AFP<\/p>\n<p>Pourquoi le Danemark est-il souverain au Groenland\u00a0? La r\u00e9ponse remonte \u00e0 l\u2019\u00e2ge des Vikings<\/p>\n<p>      <strong>EN BREF<\/strong> <strong>\u2022 <\/strong>Alors que Donald Trump renouvelle ses menaces de prendre possession du Groenland, l\u2019un de ses proches s\u2019est demand\u00e9 pourquoi le Danemark avait autorit\u00e9 sur l\u2019\u00eele.<br \/><strong>\u2022 <\/strong>C\u2019est depuis le Xe\u00a0si\u00e8cle que le royaume danois est souverain sur le territoire avec des statuts qui \u00e9voluent depuis des si\u00e8cles.<br \/><strong>\u2022 <\/strong>En 2025, un sondage r\u00e9v\u00e9lait que 85\u00a0% des Groenlandais s\u2019opposent \u00e0 une appartenance aux \u00c9tats-Unis.                         <\/p>\n<p class=\"asset asset-text\">\u00ab\u00a0De quel droit le Danemark revendique-t-il<a href=\"https:\/\/www.huffingtonpost.fr\/politique\/article\/l-europe-a-t-elle-les-moyens-d-empecher-donald-trump-d-annexer-le-groenland-comme-il-menace-de-le-faire_258884.html\" target=\"_blank\" rel=\"noopener\"> le contr\u00f4le du Groenland\u00a0?\u00a0<\/a>\u00bb Cette question, lanc\u00e9e sur un ton scandalis\u00e9 et qui d\u00e9note d\u2019une ignorance crasse, a \u00e9t\u00e9 pos\u00e9e lundi 5\u00a0janvier par Stephen Miller, proche conseiller de Donald Trump. C\u2019est son \u00e9pouse, <a href=\"https:\/\/www.huffingtonpost.fr\/international\/article\/ce-montage-sur-le-groenland-illustre-bien-la-doctrine-donroe-et-le-risque-qu-elle-fait-peser-sur-l-europe_258855.html\" target=\"_blank\" rel=\"noopener\">Katie Miller<\/a>, qui avait publi\u00e9 le 3\u00a0janvier une photo de l\u2019\u00eele, color\u00e9e aux couleurs du drapeau am\u00e9ricain, assortie d\u2019une courte l\u00e9gende en capitales\u00a0: \u00ab\u00a0SOON\u00a0\u00bb (bient\u00f4t).<\/p>\n<p class=\"asset asset-text\">\u00ab\u00a0<a href=\"https:\/\/www.huffingtonpost.fr\/international\/article\/trump-envisage-la-force-pour-prendre-le-groenland-nouvel-episode-d-un-chantage-qui-dure-depuis-plus-de-150-ans_247969.html\" target=\"_blank\" rel=\"noopener\" title=\"Nouvelle fen\u00eatre\">Le Groenland devrait faire partie des \u00c9tats-Unis<\/a>, le pr\u00e9sident a \u00e9t\u00e9 tr\u00e8s clair \u00e0 ce sujet\u00a0\u00bb, a martel\u00e9 le directeur de cabinet adjoint de la Maison Blanche sur CNN avant de souligner que \u00ab\u00a0personne ne va se battre militairement avec les \u00c9tats-Unis sur\u00a0<a href=\"https:\/\/www.bfmtv.com\/international\/amerique-nord\/etats-unis\/donald-trump\/de-giorgia-meloni-a-emmanuel-macron-face-aux-menaces-de-donald-trump-six-puissances-europeennes-apportent-leur-soutien-au-groenland_AD-202601060563.html\" target=\"_blank\" rel=\"noopener\" title=\"Nouvelle fen\u00eatre\">l\u2019avenir du Groenland<\/a>\u00a0\u00bb. L\u2019administration Trump intensifie ainsi les menaces prof\u00e9r\u00e9es \u00e0 l\u2019encontre du territoire autonome danois dont il a promis de s\u2019occuper d\u2019ici \u00ab\u00a0deux mois\u00a0\u00bb.<\/p>\n<p> La lecture de ce contenu est susceptible d\u2019entra\u00eener un d\u00e9p\u00f4t de cookies de la part de l\u2019op\u00e9rateur tiers qui l\u2019h\u00e9berge. Compte-tenu des choix que vous avez exprim\u00e9s en mati\u00e8re de d\u00e9p\u00f4t de cookies, nous avons bloqu\u00e9 l\u2019affichage de ce contenu. Si vous souhaitez y acc\u00e9der, vous devez accepter la cat\u00e9gorie de cookies \u201cContenus tiers\u201d en cliquant sur le bouton ci-dessous. <\/p>\n<p> Lire la Vid\u00e9o        <\/p>\n<p class=\"asset asset-text\">Nouvel \u00e9pisode d\u2019une convoitise qui dure depuis plus de 150\u00a0ans, puisque les \u00c9tats-Unis ont formul\u00e9 des propositions d\u2019achats du Groenland \u00e0 de nombreuses reprises depuis 1868. Le pays de l\u2019Oncle Sam semble en effet avoir du mal \u00e0 encaisser que la plus grande \u00eele du monde appartienne au Danemark. Pourtant, le lien entre les deux remonte \u00e0 tr\u00e8s, tr\u00e8s longtemps. \u00c0 l\u2019\u00e9poque des Vikings, m\u00eame.<\/p>\n<p>                     Vikings, guerre napol\u00e9onienne, Seconde guerre mondiale et r\u00e9f\u00e9rendum    <\/p>\n<p class=\"asset asset-text\">Il faut remonter la frise chronologique jusqu\u2019au Xe\u00a0si\u00e8cle, lorsque les Vikings norv\u00e9giens et danois se sont lanc\u00e9s en mer \u00e0 la conqu\u00eate de nouveaux territoires. Ils d\u00e9couvrirent alors cette vaste \u00e9tendue au Nord et d\u00e9cid\u00e8rent de s\u2019y installer et d\u2019implanter une colonie sur ce qu\u2019ils appel\u00e8rent alors la \u00ab\u00a0green land\u00a0\u00bb, la \u00ab\u00a0terre verte\u00a0\u00bb. <a href=\"https:\/\/www.geo.fr\/geopolitique\/a-qui-appartient-le-groenland-211160\" target=\"_blank\" rel=\"noopener\" title=\"Nouvelle fen\u00eatre\">G\u00e9o<\/a> rapporte que l\u2019\u00eele est consid\u00e9r\u00e9e sous contr\u00f4le europ\u00e9en depuis 1262.<\/p>\n<p class=\"asset asset-text\">Par la suite en Europe, de 1380 \u00e0 1814, la Norv\u00e8ge a \u00e9t\u00e9 unie au Danemark devenant un double royaume. Celui-ci est m\u00eame entr\u00e9 en guerre aux c\u00f4t\u00e9s de la France napol\u00e9onienne en 1807. Un choix malheureux puisque Napol\u00e9on a \u00e9t\u00e9 vaincu lors de la bataille de Leipzig (1813) face aux forces de la Sixi\u00e8me Coalition. Le roi du Danemark a alors d\u00fb c\u00e9der la Norv\u00e8ge \u00e0 la Su\u00e8de (trait\u00e9 de Kiel, 14\u00a0juin\u00a01814), mais a cependant pu garder le Groenland qui devint une colonie danoise.<\/p>\n<p class=\"asset asset-text\">Depuis, son statut n\u2019a cess\u00e9 d\u2019\u00e9voluer, tout en \u00e9tant toujours rattach\u00e9 au Danemark. En 1933, un arr\u00eat de la\u00a0cour permanente de justice internationale\u00a0a confirm\u00e9 la souverainet\u00e9 du Danemark sur le Groenland. Pendant la Seconde guerre mondiale, alors que le Danemark est occup\u00e9 par l\u2019Allemagne nazie, l\u2019\u00eele s\u2019en\u00a0d\u00e9tache socialement et \u00e9conomiquement. En 1951, une assembl\u00e9e parlementaire est cr\u00e9\u00e9e et si\u00e8ge sur place pour r\u00e9gler toutes les questions locales.<\/p>\n<p class=\"asset asset-text\">En 1953, le Groenland n\u2019est plus consid\u00e9r\u00e9 comme une colonie mais comme une province d\u2019outre-mer, ce qui permet aux d\u00e9put\u00e9s groenlandais de si\u00e9ger au parlement \u00e0 Copenhague. Depuis 1979, le Groenland a obtenu son ind\u00e9pendance du Danemark mais reste un pays constitutif du royaume du Danemark.\u00a0D\u2019ailleurs, \u00e0 la suite d\u2019un r\u00e9f\u00e9rendum men\u00e9 en 2008, l\u2019\u00eele b\u00e9n\u00e9ficie d\u2019un r\u00e9gime autonome suite \u00e0 un vote massif de ses habitants en faveur d\u2019un nouveau r\u00e9gime. Le Danemark a toutefois le contr\u00f4le sur la politique \u00e9trang\u00e8re et la d\u00e9fense de l\u2019\u00eele.<\/p>\n<p>    Des liens deux fois plus vieux que \u00ab\u00a0la dur\u00e9e d\u2019existence des \u00c9tats-Unis\u00a0\u00bb    <\/p>\n<p class=\"asset asset-text\">Aujourd\u2019hui, le Groenland fait partie des 13 pays et territoires d\u2019outre-mer europ\u00e9ens (PTOM) parmi lesquels figurent notamment la Polyn\u00e9sie fran\u00e7aise et la Nouvelle-Cal\u00e9donie. En janvier\u00a02025, 85\u00a0% des Groenlandais se disaient oppos\u00e9s \u00e0 une future appartenance aux \u00c9tats-Unis, selon un sondage publi\u00e9 dans la presse danoise et groenlandaise. Seuls 6\u00a0% y \u00e9taient favorables.<\/p>\n<p class=\"asset asset-text\">Interrog\u00e9 sur la cha\u00eene am\u00e9ricaine <a href=\"https:\/\/www.youtube.com\/watch?v=O_O7Su56m9M\" target=\"_blank\" rel=\"noopener\" title=\"Nouvelle fen\u00eatre\">MS Now<\/a>, Anders Vistisen, d\u00e9put\u00e9 danois issu du groupe Identit\u00e9 et d\u00e9mocratie, regroupant plusieurs formations d\u2019extr\u00eame droite, a r\u00e9agi aux propos de Stephen Miller. Il a r\u00e9pliqu\u00e9 qu\u2019il \u00e9tait \u00ab\u00a0tr\u00e8s difficile de discuter avec des gens qui ont si peu de connaissances et qui semblent ignorer tout de l\u2019histoire de Groenland\u00a0\u00bb. Cet \u00e9lu avait fait parl\u00e9 de lui en janvier\u00a02025\u00a0<a href=\"https:\/\/www.huffingtonpost.fr\/international\/video\/donald-trump-insulte-par-l-eurodepute-anders-vistisen-remonte-contre-son-ambition-d-annexer-le-groenland_245180.html\" target=\"_blank\" rel=\"noopener\" title=\"Nouvelle fen\u00eatre\">en insultant Trump depuis la tribune du\u00a0Parlement europ\u00e9en.<\/a><\/p>\n<p class=\"asset asset-text\">\u00ab\u00a0Le Groenland fait partie du royaume danois depuis 800\u00a0ans. Il fait partie int\u00e9grante de notre pays. Il n\u2019est pas \u00e0 vendre\u00a0\u00bb, avait-il rappel\u00e9. Et d\u2019insister encore sur les r\u00e9seaux sociaux\u00a0en soulignant que le lien unissant le Danemark et le Groenland est deux fois plus vieux que \u00ab\u00a0la dur\u00e9e d\u2019existence des \u00c9tats-Unis\u00a0\u00bb. Des arguments qui ne devraient pas \u00e9mouvoir Trump dans sa fr\u00e9n\u00e9sie expansionniste.<\/p>\n","protected":false},"excerpt":{"rendered":"KRISTIAN TUXEN LADEGAARD BERG \/ NurPhoto via AFP Pourquoi le Danemark est-il souverain au Groenland\u00a0? La r\u00e9ponse remonte&hellip;\n","protected":false},"author":2,"featured_media":648715,"comment_status":"","ping_status":"","sticky":false,"template":"","format":"standard","meta":{"footnotes":""},"categories":[2],"tags":[11,145,73,1011,27,146,937,14,12],"class_list":{"0":"post-648714","1":"post","2":"type-post","3":"status-publish","4":"format-standard","5":"has-post-thumbnail","7":"category-actualites","8":"tag-actualites","9":"tag-danemark","10":"tag-etats-unis","11":"tag-fr","12":"tag-france","13":"tag-groenland","14":"tag-histoire","15":"tag-international","16":"tag-news"},"share_on_mastodon":{"url":"https:\/\/pubeurope.com\/@fr\/115857842745017242","error":""},"_links":{"self":[{"href":"https:\/\/www.europesays.com\/fr\/wp-json\/wp\/v2\/posts\/648714","targetHints":{"allow":["GET"]}}],"collection":[{"href":"https:\/\/www.europesays.com\/fr\/wp-json\/wp\/v2\/posts"}],"about":[{"href":"https:\/\/www.europesays.com\/fr\/wp-json\/wp\/v2\/types\/post"}],"author":[{"embeddable":true,"href":"https:\/\/www.europesays.com\/fr\/wp-json\/wp\/v2\/users\/2"}],"replies":[{"embeddable":true,"href":"https:\/\/www.europesays.com\/fr\/wp-json\/wp\/v2\/comments?post=648714"}],"version-history":[{"count":0,"href":"https:\/\/www.europesays.com\/fr\/wp-json\/wp\/v2\/posts\/648714\/revisions"}],"wp:featuredmedia":[{"embeddable":true,"href":"https:\/\/www.europesays.com\/fr\/wp-json\/wp\/v2\/media\/648715"}],"wp:attachment":[{"href":"https:\/\/www.europesays.com\/fr\/wp-json\/wp\/v2\/media?parent=648714"}],"wp:term":[{"taxonomy":"category","embeddable":true,"href":"https:\/\/www.europesays.com\/fr\/wp-json\/wp\/v2\/categories?post=648714"},{"taxonomy":"post_tag","embeddable":true,"href":"https:\/\/www.europesays.com\/fr\/wp-json\/wp\/v2\/tags?post=648714"}],"curies":[{"name":"wp","href":"https:\/\/api.w.org\/{rel}","templated":true}]}}